{"id":48622,"date":"2019-07-26T06:00:00","date_gmt":"2019-07-26T10:00:00","guid":{"rendered":"https:\/\/linitiative.ca\/International\/badr-rami-lambassadeur-du-tarab-etonne-avec-un-nouveau-titre\/"},"modified":"2019-07-26T06:00:00","modified_gmt":"2019-07-26T10:00:00","slug":"badr-rami-lambassadeur-du-tarab-etonne-avec-un-nouveau-titre","status":"publish","type":"post","link":"https:\/\/linitiative.ca\/International\/badr-rami-lambassadeur-du-tarab-etonne-avec-un-nouveau-titre\/","title":{"rendered":"Badr Rami, l\u2019ambassadeur du Tarab \u00e9tonne avec un nouveau titre"},"content":{"rendered":"<div readability=\"34\">\n<p>L\u2019artiste syrien rend hom\u00admage \u00e0 son pays d\u2019adoption<\/p>\n<p>Une chanson marocaine qui regroupe toute la diversit\u00e9 culturelle du royaume<\/p>\n<\/div>\n<div readability=\"92\">\n<div class=\"dnd-atom-wrapper type-image context-sdl_editor_representation\" contenteditable=\"false\" readability=\"31\">\n<div class=\"dnd-drop-wrapper image\"><img loading=\"lazy\" decoding=\"async\" typeof=\"foaf:Image\" class=\"img-responsive\" src=\"https:\/\/www.leconomiste.com\/sites\/default\/files\/eco7\/public\/thumbnails\/image\/badr-rami-064.jpg\" width=\"660\" height=\"330\" alt=\"badr-rami-064.jpg\" title=\"badr-rami-064.jpg\"\/><\/div>\n<\/div>\n<p class=\"rtejustify\">\u00abKoulna Mgharba\u00bb (Nous sommes tous Marocains) est le cri de coeur d\u2019un artiste syrien d\u2019origine et marocain de coeur. Le t\u00e9nor Badr Rami sort son premier single en darija, doubl\u00e9 d\u2019un clip, o\u00f9 il d\u00e9clare son amour pour son pays d\u2019adoption.<\/p>\n<p class=\"rtejustify\">Une chanson qui se veut h\u00e9riti\u00e8re des grandes \u00e9pop\u00e9es musicales de la \u00abchan\u00adson nationale\u00bb. \u00abJ\u2019ai le projet d\u2019une chanson enti\u00e8rement marocaine depuis plusieurs ann\u00e9es. J\u2019ai pris mon temps pour l\u2019affiner, m\u2019entourer des personnes les plus comp\u00e9tentes que ce soit pour l\u2019arrangement musical, les paroles ou la r\u00e9alisation du clip. Cette chanson je l\u2019ai voulue dans la lign\u00e9e de \u00abLaayoune Aynia\u00bb et de \u00abSawt El Hassan\u00bb, d\u00e9clare l\u2019artiste natif de Casablanca.<\/p>\n<p class=\"rtejustify\">Une chan\u00adson qui regroupe, selon lui, toute la diversit\u00e9 culturelle du Maroc de \u00abTan\u00adger \u00e0 Legouira\u00bb. Des sonorit\u00e9s du Rif aux m\u00e9lodies hassanies en passant par quelques mesures de malhoun, \u00abKoulna mgharba\u00bb est un v\u00e9ritable hymne \u00e0 la diversit\u00e9, port\u00e9 par un clip aux images l\u00e9ch\u00e9es, entre montagnes, vall\u00e9es, mer et d\u00e9sert.<\/p>\n<p class=\"rtejustify\">Badr Rami, tr\u00e8s connu du pu\u00adblic pour sa parfaite ma\u00eetrise de l\u2019art des Mouachahates, montre aujourd\u2019hui un travail atypique mais n\u00e9anmoins r\u00e9ussi: \u00abJe voudrais vous emmener dans un univers tr\u00e8s \u00e9loign\u00e9 de ce que je fais d\u2019habitude. C\u2019est un Badr Rami par\u00adfaitement nouveau que vous d\u00e9couvrez aujourd\u2019hui, qui veut rendre hommage \u00e0 un pays qu\u2019il aime\u00bb, annonce l\u2019artiste, lors de la pr\u00e9sentation de son titre \u00e0 la presse, mardi 23 juillet.<\/p>\n<p class=\"rtejustify\">V\u00e9ritable virtuose, chanteur de re\u00adnom dot\u00e9 d\u2019une longue formation ap\u00adprofondie dans le domaine de la chan\u00adson arabe originale aupr\u00e8s des v\u00e9t\u00e9rans de ce domaine, Badr Rami est consid\u00e9r\u00e9 par tous les passionn\u00e9s du Tarab comme une \u00e9toile montante des Mouachahates (po\u00e8mes \u00e0 forme \u00acfixe) et des Koudoud Halabiya (chants d\u2019Alep).<\/p>\n<p class=\"rtejustify\">Disciple et fils spirituel de Sabah Fakhri, il devient tr\u00e8s jeune un adepte des chansons d\u2019Oum Kalthoum et de Mohamed Abdelwahab. Il entame sa carri\u00e8re artistique \u00e0 la fin des ann\u00e9es 90 et choisit rapidement un style original et authentique qui fera de lui un nom incontest\u00e9 de la sc\u00e8ne musi\u00adcale arabe contemporaine, attach\u00e9 \u00e0 une certaine tradition. Badr Rami, artiste d\u2019origine syrienne, est n\u00e9 au Maroc \u00e0 Casablanca le 3 juin 1986. Son p\u00e8re, le c\u00e9l\u00e8bre violoniste et Maestro Mohamed Rami Zeitouni, est n\u00e9 \u00e0 Alep (Syrie), ville reconnue pour l\u2019authenticit\u00e9, la culture ancestrale et la passion de ses habitants pour le Tarab, art originel et spirituel de cette contr\u00e9e.<\/p>\n<p class=\"rtejustify\">Sur les traces de grandes figures de la chanson arabe, Badr impressionne les m\u00e9lomanes par sa voix authentique lors de ses soir\u00e9es artistiques anim\u00e9es de par le monde.<\/p>\n<p class=\"rtejustify\"><em>J. R.<\/em><\/p>\n<\/div>\n<p>Auteur: hlafriqi<br \/>\n<a href=\"https:\/\/www.leconomiste.com\/article\/1048261-badr-rami-l-ambassadeur-du-tarab-etonne-avec-un-nouveau-titre\">Cliquez ici pour lire l&rsquo;article depuis sa source.<\/a><\/p>\n","protected":false},"excerpt":{"rendered":"<p>L\u2019artiste syrien rend hom\u00admage \u00e0 son pays d\u2019adoption Une chanson marocaine qui regroupe toute la diversit\u00e9 culturelle du royaume \u00abKoulna Mgharba\u00bb (Nous sommes tous Marocains) est le cri de coeur d\u2019un artiste syrien d\u2019origine et marocain de coeur. Le t\u00e9nor Badr Rami sort son premier single en darija, doubl\u00e9 d\u2019un clip, o\u00f9 il d\u00e9clare son [&hellip;]<\/p>\n","protected":false},"author":1763,"featured_media":48625,"comment_status":"closed","ping_status":"closed","sticky":false,"template":"","format":"standard","meta":{"fifu_image_url":"","fifu_image_alt":"","footnotes":""},"categories":[78,54],"tags":[],"class_list":["post-48622","post","type-post","status-publish","format-standard","has-post-thumbnail","hentry","category-economie","category-maroc"],"_links":{"self":[{"href":"https:\/\/linitiative.ca\/International\/wp-json\/wp\/v2\/posts\/48622","targetHints":{"allow":["GET"]}}],"collection":[{"href":"https:\/\/linitiative.ca\/International\/wp-json\/wp\/v2\/posts"}],"about":[{"href":"https:\/\/linitiative.ca\/International\/wp-json\/wp\/v2\/types\/post"}],"author":[{"embeddable":true,"href":"https:\/\/linitiative.ca\/International\/wp-json\/wp\/v2\/users\/1763"}],"replies":[{"embeddable":true,"href":"https:\/\/linitiative.ca\/International\/wp-json\/wp\/v2\/comments?post=48622"}],"version-history":[{"count":0,"href":"https:\/\/linitiative.ca\/International\/wp-json\/wp\/v2\/posts\/48622\/revisions"}],"wp:featuredmedia":[{"embeddable":true,"href":"https:\/\/linitiative.ca\/International\/wp-json\/"}],"wp:attachment":[{"href":"https:\/\/linitiative.ca\/International\/wp-json\/wp\/v2\/media?parent=48622"}],"wp:term":[{"taxonomy":"category","embeddable":true,"href":"https:\/\/linitiative.ca\/International\/wp-json\/wp\/v2\/categories?post=48622"},{"taxonomy":"post_tag","embeddable":true,"href":"https:\/\/linitiative.ca\/International\/wp-json\/wp\/v2\/tags?post=48622"}],"curies":[{"name":"wp","href":"https:\/\/api.w.org\/{rel}","templated":true}]}}