{"id":48623,"date":"2019-07-26T06:21:55","date_gmt":"2019-07-26T10:21:55","guid":{"rendered":"https:\/\/linitiative.ca\/International\/le-meurtrier-de-sa-grand-mere-defere-devant-le-parquet-general\/"},"modified":"2019-07-26T06:21:55","modified_gmt":"2019-07-26T10:21:55","slug":"le-meurtrier-de-sa-grand-mere-defere-devant-le-parquet-general","status":"publish","type":"post","link":"https:\/\/linitiative.ca\/International\/le-meurtrier-de-sa-grand-mere-defere-devant-le-parquet-general\/","title":{"rendered":"Le meurtrier de sa grand-m\u00e8re d\u00e9f\u00e9r\u00e9  devant le parquet g\u00e9n\u00e9ral"},"content":{"rendered":"<header>\n<\/header>\n<div class=\"entry-content clearfix\" readability=\"57\"><img decoding=\"async\" class=\"post_layout_5_img\" src=\"http:\/\/aujourdhui.ma\/wp-content\/uploads\/2017\/08\/Arrestation-police-Maroc.jpg?x29840\" alt=\"Le meurtrier de sa grand-m\u00e8re d\u00e9f\u00e9r\u00e9 devant le parquet g\u00e9n\u00e9ral\"\/><\/p>\n<p class=\"p1\"><span class=\"s1 c4\"><strong>Le jeune homme qui a tu\u00e9 sa grand-m\u00e8re et bless\u00e9 sa m\u00e8re, au douar Lam\u00e2llem Abdellah situ\u00e9 au quartier Al Oulfa, \u00e0 Casablanca, a \u00e9t\u00e9 traduit, lundi dernier, devant le parquet g\u00e9n\u00e9ral pr\u00e8s la Cour d\u2019appel de Casablanca.<\/strong><\/span> <span id=\"more-315835\"\/><\/p>\n<p class=\"p1\"><span class=\"s1\">Il \u00e9tait samedi 20 juillet, vers 3 h du matin, quand ce jeune drogu\u00e9, repris de justice, a \u00e9t\u00e9 pris d\u2019une crise d\u2019hyst\u00e9rie au point qu\u2019il ne se contr\u00f4lait plus. D\u00e8s lors, il a commenc\u00e9 \u00e0 brutaliser toutes les personnes qui se retrouvaient sur son chemin. M\u00eame sa famille n\u2019a pas \u00e9t\u00e9 \u00e9pargn\u00e9e.<\/span><\/p>\n<p class=\"p1\"><span class=\"s1\">Ainsi il a maltrait\u00e9 sauvagement sa grand-m\u00e8re au point qu\u2019elle a rendu l\u2019\u00e2me, ainsi que ses parents et ses s\u0153urs. Ce jeune homme qui jouissait d\u2019une bonne r\u00e9putation, selon sa famille et ses voisins du quartier, s\u2019est transform\u00e9 en un monstre sous l\u2019effet de la drogue pour mettre fin \u00e0 la vie de sa grand-m\u00e8re et blesser gravement sa m\u00e8re et trois voisins qui sont intervenus pour le calmer.<\/span><\/p>\n<\/div>\n<p>Auteur: Abderrafii ALOUMLIKI<br \/>\n<a href=\"http:\/\/aujourdhui.ma\/faits-divers\/le-meurtrier-de-sa-grand-mere-defere-devant-le-parquet-general\">Cliquez ici pour lire l&rsquo;article depuis sa source.<\/a><\/p>\n","protected":false},"excerpt":{"rendered":"<p>Le jeune homme qui a tu\u00e9 sa grand-m\u00e8re et bless\u00e9 sa m\u00e8re, au douar Lam\u00e2llem Abdellah situ\u00e9 au quartier Al Oulfa, \u00e0 Casablanca, a \u00e9t\u00e9 traduit, lundi dernier, devant le parquet g\u00e9n\u00e9ral pr\u00e8s la Cour d\u2019appel de Casablanca. Il \u00e9tait samedi 20 juillet, vers 3 h du matin, quand ce jeune drogu\u00e9, repris de justice, [&hellip;]<\/p>\n","protected":false},"author":1759,"featured_media":0,"comment_status":"closed","ping_status":"closed","sticky":false,"template":"","format":"standard","meta":{"fifu_image_url":"","fifu_image_alt":"","footnotes":""},"categories":[73,54],"tags":[],"class_list":["post-48623","post","type-post","status-publish","format-standard","hentry","category-actualite","category-maroc"],"_links":{"self":[{"href":"https:\/\/linitiative.ca\/International\/wp-json\/wp\/v2\/posts\/48623","targetHints":{"allow":["GET"]}}],"collection":[{"href":"https:\/\/linitiative.ca\/International\/wp-json\/wp\/v2\/posts"}],"about":[{"href":"https:\/\/linitiative.ca\/International\/wp-json\/wp\/v2\/types\/post"}],"author":[{"embeddable":true,"href":"https:\/\/linitiative.ca\/International\/wp-json\/wp\/v2\/users\/1759"}],"replies":[{"embeddable":true,"href":"https:\/\/linitiative.ca\/International\/wp-json\/wp\/v2\/comments?post=48623"}],"version-history":[{"count":0,"href":"https:\/\/linitiative.ca\/International\/wp-json\/wp\/v2\/posts\/48623\/revisions"}],"wp:attachment":[{"href":"https:\/\/linitiative.ca\/International\/wp-json\/wp\/v2\/media?parent=48623"}],"wp:term":[{"taxonomy":"category","embeddable":true,"href":"https:\/\/linitiative.ca\/International\/wp-json\/wp\/v2\/categories?post=48623"},{"taxonomy":"post_tag","embeddable":true,"href":"https:\/\/linitiative.ca\/International\/wp-json\/wp\/v2\/tags?post=48623"}],"curies":[{"name":"wp","href":"https:\/\/api.w.org\/{rel}","templated":true}]}}