{"id":48624,"date":"2019-07-26T08:50:01","date_gmt":"2019-07-26T12:50:01","guid":{"rendered":"https:\/\/linitiative.ca\/International\/canicule-leurope-respire-apres-le-feu\/"},"modified":"2019-07-26T08:50:01","modified_gmt":"2019-07-26T12:50:01","slug":"canicule-leurope-respire-apres-le-feu","status":"publish","type":"post","link":"https:\/\/linitiative.ca\/International\/canicule-leurope-respire-apres-le-feu\/","title":{"rendered":"Canicule: l\u2019Europe respire apr\u00e8s le feu"},"content":{"rendered":"<div readability=\"32\">\n<p>Publi\u00e9 le 26.07.2019 \u00e0 13h50 par AFP<\/p>\n<\/div>\n<div readability=\"146\">\n<p>L\u2019Europe respire \u00e0 nouveau vendredi gr\u00e2ce \u00e0 la baisse sensible du mercure apr\u00e8s une s\u00e9rie de records qui l\u2019ont port\u00e9 jeudi bien au-del\u00e0 des 40\u00b0C en France, en Belgique, aux Pays-Bas et en Allemagne.<\/p>\n<p>Outre les 42,6\u00b0C enregistr\u00e9s \u00e0 Paris et \u00e0 Lingen, en Basse-Saxe allemande jeudi dans l\u2019apr\u00e8s-midi, la Belgique et les Pays-Bas ont aussi connu des niveaux historiques record avec 41,8\u00b0C \u00e0 Begijnendijk, dans le nord de la Belgique et 40,4\u00b0C dans le sud batave.<\/p>\n<p>Ces brusques envol\u00e9es du thermom\u00e8tre ont provoqu\u00e9 en France d\u2019importants incendies dans les champs moissonn\u00e9s, grillant des milliers d\u2019hectares de culture en Normandie (ouest), plus connue pour ses vertes prairies, mais aussi dans plusieurs autres r\u00e9gions.<\/p>\n<p>En pleine p\u00e9riode de moissons, la chaleur, associ\u00e9e \u00e0 la s\u00e9cheresse, peut faciliter les d\u00e9parts de feux.<\/p>\n<p>Pr\u00e8s de 2.000 hectares de terres agricoles ont ainsi \u00e9t\u00e9 d\u00e9truits jeudi dans le nord dans des incendies notamment provoqu\u00e9s par la canicule, a-t-on appris vendredi aupr\u00e8s de pompiers fran\u00e7ais.<\/p>\n<p>Dans le centre, environ 600 porcs sont morts dans l\u2019incendie d\u2019une exploitation agricole, les flammes qui ont embras\u00e9 les chaumes se propageant \u00e0 la stabulation, ont rapport\u00e9 les pompiers.<\/p>\n<p>L\u2019alerte \u00ab\u00a0rouge canicule\u00a0\u00bb a cependant \u00e9t\u00e9 lev\u00e9e vendredi matin dans les derniers d\u00e9partements et la vigilance \u00ab\u00a0orange\u00a0\u00bb subsiste dans moins de la moiti\u00e9 des d\u00e9partements concern\u00e9s (31 contre 60).<\/p>\n<p>Malgr\u00e9 le relatif redoux autour d\u2019une trentaine de degr\u00e9s, bien plus habituels, \u00e0 la faveur de la nuit sur la majeure partie de l\u2019Europe du Nord et de l\u2019Ouest, la circulation des trains internationaux Thalys entre les Pays-Bas, la Belgique, la France et l\u2019Allemagne restait perturb\u00e9e vendredi matin.<\/p>\n<p>\u2013 Infrastructures \u00e9prouv\u00e9es \u2013<\/p>\n<p>Les probl\u00e8mes sont dus aux dommages caus\u00e9s aux infrastructures du r\u00e9seau par l\u2019extr\u00eame chaleur, la temp\u00e9rature sur les voies exc\u00e9dant de 10 \u00e0 15\u00b0C celle de l\u2019air. Les convois qui circulent progressent \u00e0 vitesse r\u00e9duite et plusieurs trains ont \u00e9t\u00e9 annul\u00e9s.<\/p>\n<p>La compagnie ferroviaire nationale SNCF a promis un retour \u00e0 la normale ce week-end. Mais tous les trains Thalys et Eurostar vers Londres, arr\u00eat\u00e9s quelques heures gare du Nord \u00e0 Paris, ont repris leurs navettes \u00e0 la mi-journ\u00e9e.<\/p>\n<p>En Angleterre, apr\u00e8s les 38,1\u00b0C enregistr\u00e9s \u00e0 Cambridge jeudi, le thermom\u00e8tre est redescendu mais les trains autour de Londres sont fortement ralentis, certains annul\u00e9s, en raison de feux de broussaille le long des voies. Certains vols ont \u00e9galement d\u00fb \u00eatre annul\u00e9s au d\u00e9part Londres-Gatwick et d\u2019Heathrow.<\/p>\n<p>Les services m\u00e9t\u00e9o britanniques ont par ailleurs not\u00e9 une bizarrerie dans la r\u00e9gion de Lincolnshire (est): en l\u2019espace d\u2019une heure jeudi, la temp\u00e9rature a gagn\u00e9 puis reperdu dix degr\u00e9s, de 22\u00b0C \u00e0 32\u00b0C \u2013 et retour. \u00ab\u00a0WOW\u00a0\u00bb, a tweett\u00e9 le Met Office qui attribu\u00e9 le ph\u00e9nom\u00e8ne aux orages.<\/p>\n<p>En Scandinavie, le thermom\u00e8tre reste cal\u00e9 entre 30 et 35\u00b0C notamment en Finlande, o\u00f9 les services m\u00e9t\u00e9o ont maintenu leur mise en garde pour le week-end. Les habitants se d\u00e9solent de voir les lacs et principaux sites de baignade envahis par les algues bleues, cons\u00e9quence de la chaleur.<\/p>\n<p>En Norv\u00e8ge, 30\u00b0C, c\u2019est encore beaucoup trop: \u00ab\u00a0Nous ne sommes pas habitu\u00e9s aux temp\u00e9ratures de l\u2019Europe continentale\u00a0\u00bb, souligne le m\u00e9t\u00e9orologue Terje Alsvik Walloe.<\/p>\n<p>De m\u00eame aux Pays-Bas, o\u00f9 la population, peu accoutum\u00e9e \u00e0 ces exc\u00e8s, s\u2019est r\u00e9veill\u00e9e sonn\u00e9e vendredi: \u00ab\u00a0Se r\u00e9veiller \u00e0 04h30 et penser pouvoir a\u00e9rer un peu: erreur, il fait encore chaud dehors avec 28 degr\u00e9s!\u00a0\u00bb, tweetait un homme. Un autre aspirant \u00e0 un paysage enneig\u00e9 en a post\u00e9 une photo: \u00ab\u00a0Voil\u00e0 ce que je veux\u00a0\u00bb.<\/p>\n<p>Ces vagues de chaleur sont appel\u00e9es \u00e0 se multiplier et \u00e0 s\u2019intensifier sous l\u2019effet du r\u00e9chauffement climatique provoqu\u00e9 par les activit\u00e9s humaines.<\/p>\n<p>Au cours des 2.000 derni\u00e8res ann\u00e9es, les temp\u00e9ratures mondiales n\u2019avaient jamais augment\u00e9 aussi rapidement que maintenant, selon des donn\u00e9es publi\u00e9es mercredi dans deux \u00e9tudes distinctes dans les revues Nature et Nature Geoscience.<\/p>\n<p>burx-ach\/lp\/jhd<\/p>\n<\/div>\n<p>Auteur: AFP<br \/>\n<a href=\"https:\/\/www.journalducameroun.com\/canicule-leurope-respire-apres-le-feu\/\">Cliquez ici pour lire l&rsquo;article depuis sa source.<\/a><\/p>\n","protected":false},"excerpt":{"rendered":"<p>Publi\u00e9 le 26.07.2019 \u00e0 13h50 par AFP L\u2019Europe respire \u00e0 nouveau vendredi gr\u00e2ce \u00e0 la baisse sensible du mercure apr\u00e8s une s\u00e9rie de records qui l\u2019ont port\u00e9 jeudi bien au-del\u00e0 des 40\u00b0C en France, en Belgique, aux Pays-Bas et en Allemagne. Outre les 42,6\u00b0C enregistr\u00e9s \u00e0 Paris et \u00e0 Lingen, en Basse-Saxe allemande jeudi dans [&hellip;]<\/p>\n","protected":false},"author":1965,"featured_media":0,"comment_status":"closed","ping_status":"closed","sticky":false,"template":"","format":"standard","meta":{"fifu_image_url":"","fifu_image_alt":"","footnotes":""},"categories":[73,82],"tags":[],"class_list":["post-48624","post","type-post","status-publish","format-standard","hentry","category-actualite","category-cameroun"],"_links":{"self":[{"href":"https:\/\/linitiative.ca\/International\/wp-json\/wp\/v2\/posts\/48624","targetHints":{"allow":["GET"]}}],"collection":[{"href":"https:\/\/linitiative.ca\/International\/wp-json\/wp\/v2\/posts"}],"about":[{"href":"https:\/\/linitiative.ca\/International\/wp-json\/wp\/v2\/types\/post"}],"author":[{"embeddable":true,"href":"https:\/\/linitiative.ca\/International\/wp-json\/wp\/v2\/users\/1965"}],"replies":[{"embeddable":true,"href":"https:\/\/linitiative.ca\/International\/wp-json\/wp\/v2\/comments?post=48624"}],"version-history":[{"count":0,"href":"https:\/\/linitiative.ca\/International\/wp-json\/wp\/v2\/posts\/48624\/revisions"}],"wp:attachment":[{"href":"https:\/\/linitiative.ca\/International\/wp-json\/wp\/v2\/media?parent=48624"}],"wp:term":[{"taxonomy":"category","embeddable":true,"href":"https:\/\/linitiative.ca\/International\/wp-json\/wp\/v2\/categories?post=48624"},{"taxonomy":"post_tag","embeddable":true,"href":"https:\/\/linitiative.ca\/International\/wp-json\/wp\/v2\/tags?post=48624"}],"curies":[{"name":"wp","href":"https:\/\/api.w.org\/{rel}","templated":true}]}}