{"id":48626,"date":"2019-07-26T06:39:44","date_gmt":"2019-07-26T10:39:44","guid":{"rendered":"https:\/\/linitiative.ca\/International\/partenariat-la-fostp-signe-deux-conventions-avec-loncf-et-supratours\/"},"modified":"2019-07-26T06:39:44","modified_gmt":"2019-07-26T10:39:44","slug":"partenariat-la-fostp-signe-deux-conventions-avec-loncf-et-supratours","status":"publish","type":"post","link":"https:\/\/linitiative.ca\/International\/partenariat-la-fostp-signe-deux-conventions-avec-loncf-et-supratours\/","title":{"rendered":"Partenariat : La FOSTP signe deux conventions avec l\u2019ONCF et Supratours"},"content":{"rendered":"<header>\n<div class=\"entry-post-meta\">\n<div class=\"author-link\">Publi\u00e9 par <a itemprop=\"author\" itemscope=\"\" itemtype=\"https:\/\/schema.org\/Person\" href=\"http:\/\/aujourdhui.ma\/profile\/kaid\" rel=\"author\"><span itemprop=\"name\">ALM<\/span><\/a><\/div>\n<p>Date\u00a0:<time content=\"2019-07-26T11:39:44+00:00\" class=\"entry-date updated\" datetime=\"2019-07-26T11:39:44+00:00\">juillet 26, 2019<\/time><\/p>\n<div class=\"entry-cat\">dans:<a href=\"http:\/\/aujourdhui.ma\/category\/economie\" rel=\"category tag\">Economie<\/a><\/div>\n<p>0 Vues<\/p>\n<\/div>\n<\/header>\n<div class=\"entry-content clearfix\" readability=\"56\"><img decoding=\"async\" class=\"post_layout_5_img\" src=\"http:\/\/aujourdhui.ma\/wp-content\/uploads\/2019\/07\/Abdelkader-Amara-et-Mohamed-Rabii-Khlie-ONCF-et-Abdelmalek-Bouchana-FOSTP-Partenariat.jpg?x29840\" alt=\"Partenariat : La FOSTP signe deux conventions avec l\u2019ONCF et Supratours\"\/><\/p>\n<p class=\"p1\"><span class=\"s1\"><span class=\"c4\"><strong>La Fondation des \u0153uvres sociales des travaux publics (FOSTP) a sign\u00e9, mercredi \u00e0 Rabat, deux conventions de partenariat avec l\u2019Office national des chemins de fer (ONCF) et la soci\u00e9t\u00e9 Supratours portant sur la diversification des offres de transport ferroviaire et routier au profit de ses adh\u00e9rents et leurs familles.<\/strong><\/span><\/span><\/p>\n<p class=\"p1\"><span class=\"s1\">Les deux conventions ont \u00e9t\u00e9 paraph\u00e9es par le pr\u00e9sident de la FOSTP, Abdelmalek Bouchana, le directeur g\u00e9n\u00e9ral de l\u2019ONCF, Mohamed Rabii Khlie, d\u2019une part et le directeur g\u00e9n\u00e9ral de la soci\u00e9t\u00e9 Supratours, Mohammed Charif, de l\u2019autre part, lors d\u2019une c\u00e9r\u00e9monie pr\u00e9sid\u00e9e par le ministre de l\u2019\u00e9quipement, du transport, de la logistique et de l\u2019eau, Abdelkader Amara. En vertu de ces nouvelles conventions, les adh\u00e9rents actifs ou retrait\u00e9s, ainsi que leurs conjoints et enfants b\u00e9n\u00e9ficieront d\u2019une r\u00e9duction sur les prix de vente grand public concernant le d\u00e9placement sur le r\u00e9seau national ferroviaire, y compris \u00e0 bord des trains \u00e0 grande vitesse \u00abAl boraq\u00bb, outre le d\u00e9placement routier sur les prolongements assur\u00e9s par la soci\u00e9t\u00e9 Supratours relevant de l\u2019ONCF.<\/span><\/p>\n<\/div>\n<p>Auteur: ALM<br \/>\n<a href=\"http:\/\/aujourdhui.ma\/economie\/partenariat-la-fostp-signe-deux-conventions-avec-loncf-et-supratours\">Cliquez ici pour lire l&rsquo;article depuis sa source.<\/a><\/p>\n","protected":false},"excerpt":{"rendered":"<p>Publi\u00e9 par ALM Date\u00a0:juillet 26, 2019 dans:Economie 0 Vues La Fondation des \u0153uvres sociales des travaux publics (FOSTP) a sign\u00e9, mercredi \u00e0 Rabat, deux conventions de partenariat avec l\u2019Office national des chemins de fer (ONCF) et la soci\u00e9t\u00e9 Supratours portant sur la diversification des offres de transport ferroviaire et routier au profit de ses adh\u00e9rents [&hellip;]<\/p>\n","protected":false},"author":1759,"featured_media":0,"comment_status":"closed","ping_status":"closed","sticky":false,"template":"","format":"standard","meta":{"fifu_image_url":"","fifu_image_alt":"","footnotes":""},"categories":[73,54],"tags":[],"class_list":["post-48626","post","type-post","status-publish","format-standard","hentry","category-actualite","category-maroc"],"_links":{"self":[{"href":"https:\/\/linitiative.ca\/International\/wp-json\/wp\/v2\/posts\/48626","targetHints":{"allow":["GET"]}}],"collection":[{"href":"https:\/\/linitiative.ca\/International\/wp-json\/wp\/v2\/posts"}],"about":[{"href":"https:\/\/linitiative.ca\/International\/wp-json\/wp\/v2\/types\/post"}],"author":[{"embeddable":true,"href":"https:\/\/linitiative.ca\/International\/wp-json\/wp\/v2\/users\/1759"}],"replies":[{"embeddable":true,"href":"https:\/\/linitiative.ca\/International\/wp-json\/wp\/v2\/comments?post=48626"}],"version-history":[{"count":0,"href":"https:\/\/linitiative.ca\/International\/wp-json\/wp\/v2\/posts\/48626\/revisions"}],"wp:attachment":[{"href":"https:\/\/linitiative.ca\/International\/wp-json\/wp\/v2\/media?parent=48626"}],"wp:term":[{"taxonomy":"category","embeddable":true,"href":"https:\/\/linitiative.ca\/International\/wp-json\/wp\/v2\/categories?post=48626"},{"taxonomy":"post_tag","embeddable":true,"href":"https:\/\/linitiative.ca\/International\/wp-json\/wp\/v2\/tags?post=48626"}],"curies":[{"name":"wp","href":"https:\/\/api.w.org\/{rel}","templated":true}]}}