{"id":48628,"date":"2019-07-25T21:15:22","date_gmt":"2019-07-26T01:15:22","guid":{"rendered":"https:\/\/linitiative.ca\/International\/operateurs-economiques-burkinabe-en-cote-divoire\/"},"modified":"2019-07-25T21:15:22","modified_gmt":"2019-07-26T01:15:22","slug":"operateurs-economiques-burkinabe-en-cote-divoire","status":"publish","type":"post","link":"https:\/\/linitiative.ca\/International\/operateurs-economiques-burkinabe-en-cote-divoire\/","title":{"rendered":"Op\u00e9rateurs \u00e9conomiques burkinab\u00e8 en C\u00f4te d\u2019Ivoire"},"content":{"rendered":"<div class=\"td-post-featured-image\"><a href=\"https:\/\/i1.wp.com\/www.sidwaya.info\/wp-content\/uploads\/2019\/07\/oppeerat26.gif?fit=787%2C590&#038;ssl=1\" data-caption=\"\"><img loading=\"lazy\" decoding=\"async\" width=\"696\" height=\"522\" class=\"entry-thumb td-modal-image\" src=\"https:\/\/i1.wp.com\/www.sidwaya.info\/wp-content\/uploads\/2019\/07\/oppeerat26.gif?resize=696%2C522&#038;ssl=1\" alt=\"\" title=\"oppeerat26\"\/><\/a><\/div>\n<p><strong>Des membres du Conseil des op\u00e9rateurs \u00e9conomiques burkinab\u00e8 de la C\u00f4te d\u2019Ivoire (COEB-CI) ont visit\u00e9 la ferme \u00abBurkina Sompagnimdi des origines\u00bb du Larl\u00e9 Naaba Tigr\u00e9, situ\u00e9e \u00e0 D\u00e9pelogo \u00e0 la sortie Nord-Est de Ouagadougou.<\/strong><\/p>\n<p>La ferme du Larl\u00e9 Naaba Tigr\u00e9 est devenue une \u00e9cole de promotion du secteur primaire (agriculture et \u00e9levage) \u00e0 travers l\u2019Afrique. Pr\u00e9sents \u00e0 Ouagadougou dans le cadre de la 8e conf\u00e9rence du Trait\u00e9 d\u2019amiti\u00e9 et de coop\u00e9ration entre la r\u00e9publique de C\u00f4te d\u2019Ivoire et le Burkina Faso, des repr\u00e9sentants du Conseil des op\u00e9rateurs \u00e9conomiques burkinab\u00e8 de la C\u00f4te d\u2019Ivoire (COEB-CI) sont all\u00e9s, le jeudi 25 juillet 2019, d\u00e9couvrir les r\u00e9alisations du ministre du Mogho Naaba. Une visite guid\u00e9e par le promoteur du mung bean lui-m\u00eame. Sur cette ferme, vaste de plus de 140 hectares et situ\u00e9e \u00e0 une trentaine de kilom\u00e8tres au Nord-Est de la capitale. Les hommes d\u2019affaires burkinab\u00e8 vivant en C\u00f4te d\u2019Ivoire ont \u00e9t\u00e9 s\u00e9duits par la richesse du site. En effet, les h\u00f4tes de l\u2019agrobusinessman ont touch\u00e9 du doigt l\u2019agriculture conventionnelle, la culture mara\u00eech\u00e8re, l\u2019irrigation par gravitation etc.<br \/>Au niveau de l\u2019\u00e9levage, celui des bovins, des poissons et des mod\u00e8les avicoles (35\/5) ont fait sensation. Pour le pr\u00e9sident du COEB-CI, Moussa Ou\u00e9draogo, le Larl\u00e9 Naaba a su dompter la nature. Pour lui, les efforts fournis par le coutumier rel\u00e8vent de la volont\u00e9 d\u2019un homme de vision d\u00e9termin\u00e9 \u00e0 assurer un mieux-\u00eatre \u00e0 la population. Il a salu\u00e9 son engagement et a exhort\u00e9 les leaders d\u2019opinion et les forces vives \u00e0 suivre son exemple. \u00abCe que nous avons vu est impressionnant. Depuis la C\u00f4te d\u2019Ivoire, nous suivons les sorties m\u00e9diatiques du Larl\u00e9 Naaba. Aujourd\u2019hui, nous avons voulu en savoir plus. C\u2019est fantastique comme innovation agropastorale!\u00bb, a d\u00e9clar\u00e9 l\u2019op\u00e9rateur \u00e9conomique. La d\u00e9l\u00e9gation, forte d\u2019une dizaine de personnes, a reconnu la qualit\u00e9 du travail r\u00e9alis\u00e9 sur les terres de Dapelogo. Quant au Larl\u00e9 Naaba lui-m\u00eame, il a tout simplement indiqu\u00e9 \u00eatre au service de sa population. \u00abJe suis un chef coutumier et traditionnel, et je le resterai \u00e0 vie. Je me vois donc oblig\u00e9 d\u2019apporter ma pierre \u00e0 l\u2019\u00e9dification du pays. Mon combat consiste \u00e0 sonner le glas de la faim au Burkina Faso\u00bb, a-t-il dit. Pour le coutumier, c\u2019est au prix de partenariats et de son engagement personnel qu\u2019il parvient \u00e0 offrir des ambulances, des mosqu\u00e9es, des forages, des moulins et autres biens de d\u00e9veloppement local durable.<br \/>Ainsi, il a souhait\u00e9 une meilleure collaboration avec le COEB-CI qu\u2019il a, de prime abord, qualifi\u00e9 de partenaire pas comme les autres. \u00abJe loue votre int\u00e9r\u00eat pour ce que je fais\u00bb, a d\u00e9clar\u00e9 le chef. Les op\u00e9rateurs \u00e9conomiques ont mis \u00e0 profit leur tourn\u00e9e en campagne burkinab\u00e8 pour r\u00e9aliser une op\u00e9ration de reboisement d\u2019arbres fruitiers et fourragers. Ainsi, environ 810 plants ont \u00e9t\u00e9 mis en terre sur une superficie d\u2019un hectare et demi.<\/p>\n<p>Wanl\u00e9 G\u00e9rard COULIBALY<\/p>\n<div class=\"td-a-rec td-a-rec-id-content_bottom td_uid_30_5d3af7c4ef42b_rand td_block_template_1\"><img loading=\"lazy\" decoding=\"async\" class=\"aligncenter size-full wp-image-9623\" src=\"https:\/\/www.sidwaya.info\/wp-content\/uploads\/2019\/06\/Projet-bannie%CC%80re-Orange-mobile.jpg\" alt=\"\" width=\"728\" height=\"81\"\/><\/div>\n<p>Auteur: BM. Sidwaya<br \/>\n<a href=\"https:\/\/www.sidwaya.info\/blog\/2019\/07\/26\/operateurs-economiques-burkinabe-en-cote-divoire\/\">Cliquez ici pour lire l&rsquo;article depuis sa source.<\/a><\/p>\n","protected":false},"excerpt":{"rendered":"<p>Des membres du Conseil des op\u00e9rateurs \u00e9conomiques burkinab\u00e8 de la C\u00f4te d\u2019Ivoire (COEB-CI) ont visit\u00e9 la ferme \u00abBurkina Sompagnimdi des origines\u00bb du Larl\u00e9 Naaba Tigr\u00e9, situ\u00e9e \u00e0 D\u00e9pelogo \u00e0 la sortie Nord-Est de Ouagadougou. La ferme du Larl\u00e9 Naaba Tigr\u00e9 est devenue une \u00e9cole de promotion du secteur primaire (agriculture et \u00e9levage) \u00e0 travers l\u2019Afrique. [&hellip;]<\/p>\n","protected":false},"author":1816,"featured_media":0,"comment_status":"closed","ping_status":"closed","sticky":false,"template":"","format":"standard","meta":{"fifu_image_url":"","fifu_image_alt":"","footnotes":""},"categories":[73,81],"tags":[],"class_list":["post-48628","post","type-post","status-publish","format-standard","hentry","category-actualite","category-burkina-faso"],"_links":{"self":[{"href":"https:\/\/linitiative.ca\/International\/wp-json\/wp\/v2\/posts\/48628","targetHints":{"allow":["GET"]}}],"collection":[{"href":"https:\/\/linitiative.ca\/International\/wp-json\/wp\/v2\/posts"}],"about":[{"href":"https:\/\/linitiative.ca\/International\/wp-json\/wp\/v2\/types\/post"}],"author":[{"embeddable":true,"href":"https:\/\/linitiative.ca\/International\/wp-json\/wp\/v2\/users\/1816"}],"replies":[{"embeddable":true,"href":"https:\/\/linitiative.ca\/International\/wp-json\/wp\/v2\/comments?post=48628"}],"version-history":[{"count":0,"href":"https:\/\/linitiative.ca\/International\/wp-json\/wp\/v2\/posts\/48628\/revisions"}],"wp:attachment":[{"href":"https:\/\/linitiative.ca\/International\/wp-json\/wp\/v2\/media?parent=48628"}],"wp:term":[{"taxonomy":"category","embeddable":true,"href":"https:\/\/linitiative.ca\/International\/wp-json\/wp\/v2\/categories?post=48628"},{"taxonomy":"post_tag","embeddable":true,"href":"https:\/\/linitiative.ca\/International\/wp-json\/wp\/v2\/tags?post=48628"}],"curies":[{"name":"wp","href":"https:\/\/api.w.org\/{rel}","templated":true}]}}