{"id":48632,"date":"2019-07-26T08:50:04","date_gmt":"2019-07-26T12:50:04","guid":{"rendered":"https:\/\/linitiative.ca\/International\/affaire-aap-rocky-des-responsables-suedois-renvoient-trump-dans-les-cordes\/"},"modified":"2019-07-26T08:50:04","modified_gmt":"2019-07-26T12:50:04","slug":"affaire-aap-rocky-des-responsables-suedois-renvoient-trump-dans-les-cordes","status":"publish","type":"post","link":"https:\/\/linitiative.ca\/International\/affaire-aap-rocky-des-responsables-suedois-renvoient-trump-dans-les-cordes\/","title":{"rendered":"Affaire A$AP Rocky: des responsables su\u00e9dois renvoient Trump dans les cordes"},"content":{"rendered":"<div readability=\"32\">\n<p>Publi\u00e9 le 26.07.2019 \u00e0 13h50 par AFP<\/p>\n<\/div>\n<div readability=\"105\">\n<p>Des responsables su\u00e9dois ont vivement r\u00e9agi vendredi aux propos peu diplomatiques de Donald Trump accusant la Su\u00e8de de se d\u00e9sint\u00e9resser du sort des Noirs am\u00e9ricains apr\u00e8s l\u2019annonce du renvoi devant un tribunal du rappeur new-yorkais A$AP Rocky, soup\u00e7onn\u00e9 d\u2019agression \u00e0 Stockholm.<\/p>\n<p>Dans un style peu orthodoxe, le pr\u00e9sident am\u00e9ricain a publi\u00e9 jeudi deux tweets accompagn\u00e9s du hashtag #FreeRocky, utilis\u00e9 sur internet par la communaut\u00e9 hip-hop et les fans du rappeur.<\/p>\n<p>\u00ab\u00a0Tr\u00e8s d\u00e9\u00e7u par le Premier ministre su\u00e9dois Stefan L\u00f6fven, qui n\u2019a pas pu agir. La Su\u00e8de a laiss\u00e9 tomber notre communaut\u00e9 noire am\u00e9ricaine. J\u2019ai regard\u00e9 les vid\u00e9os d\u2019A$AP Rocky, il \u00e9tait suivi et harcel\u00e9 par des fauteurs de troubles\u00a0\u00bb, a-t-il \u00e9crit en r\u00e9f\u00e9rence aux vid\u00e9os de l\u2019agression survenue le 30 juin \u00e0 Stockholm.<\/p>\n<p>\u00ab\u00a0Rendez sa libert\u00e9 \u00e0 A$AP Rocky. Nous faisons tellement pour la Su\u00e8de mais il ne semble pas que ce soit r\u00e9ciproque\u00a0\u00bb, a-t-il d\u00e9nonc\u00e9.<\/p>\n<p>Plusieurs personnalit\u00e9s politiques du royaume scandinave se sont \u00e9mues de ces d\u00e9clarations.<\/p>\n<p>\u00ab\u00a0Donc, que faites-vous pour nous Monsieur le pr\u00e9sident ?\u00a0\u00bb a interrog\u00e9 sur Twitter l\u2019eurod\u00e9put\u00e9 Fredrick Federley.<\/p>\n<p>\u00ab\u00a0J\u2019ai rarement l\u2019occasion de d\u00e9fendre Stefan L\u00f6fven mais cette attaque de Trump n\u2019est pas raisonnable. En Su\u00e8de, notre syst\u00e8me judiciaire est ind\u00e9pendant du gouvernement\u00a0\u00bb, a de son c\u00f4t\u00e9 r\u00e9agi le d\u00e9put\u00e9 de droite Jan Ericson.<\/p>\n<p>L\u2019ancien Premier ministre conservateur Carl Bildt a soulign\u00e9 l\u2019ind\u00e9pendance du pouvoir judiciaire du pays: \u00ab\u00a0L\u2019ing\u00e9rence politique dans le processus (judiciaire) est absolument interdit!\u00a0\u00bb, a-t-il tweet\u00e9, reprenant l\u2019argumentaire oppos\u00e9 par le gouvernement de Stefan L\u00f6fven depuis plusieurs semaines aux critiques am\u00e9ricaines.<\/p>\n<p>Contact\u00e9 par l\u2019AFP, le gouvernement n\u2019a pas imm\u00e9diatement souhait\u00e9 commenter les derni\u00e8res invectives du pr\u00e9sident Trump.<\/p>\n<p>\u00ab\u00a0En Su\u00e8de, les citoyens sont \u00e9gaux devant la loi. La Maison Blanche en a \u00e9t\u00e9 inform\u00e9e. Maintenant, le processus judiciaire va suivre son cours\u00a0\u00bb, a d\u00e9clar\u00e9 Natali Sial, porte-parole du gouvernement.<\/p>\n<p>A$AP Rocky, 30 ans, de son vrai nom Rakim Mayers, a \u00e9t\u00e9 plac\u00e9 en garde \u00e0 vue le 3 juillet \u00e0 l\u2019issue d\u2019un concert, en compagnie de trois autres personnes, apr\u00e8s une bagarre, le 30 juin, dans les rues de la capitale su\u00e9doise.<\/p>\n<p>Sur une vid\u00e9o amateur d\u2019abord diffus\u00e9e par TMZ, l\u2019artiste, en visite dans la capitale su\u00e9doise pour un concert dans le cadre de sa tourn\u00e9e europ\u00e9enne, met au sol un jeune homme puis lui ass\u00e8ne des coups.<\/p>\n<p>Dans d\u2019autres vid\u00e9os post\u00e9es sur le compte Instagram du rappeur, A$AP Rocky demande \u00e0 plusieurs reprises \u00e0 deux jeunes hommes de cesser de le suivre.<\/p>\n<\/div>\n<p>Auteur: AFP<br \/>\n<a href=\"https:\/\/www.journalducameroun.com\/affaire-aap-rocky-des-responsables-suedois-renvoient-trump-dans-les-cordes\/\">Cliquez ici pour lire l&rsquo;article depuis sa source.<\/a><\/p>\n","protected":false},"excerpt":{"rendered":"<p>Publi\u00e9 le 26.07.2019 \u00e0 13h50 par AFP Des responsables su\u00e9dois ont vivement r\u00e9agi vendredi aux propos peu diplomatiques de Donald Trump accusant la Su\u00e8de de se d\u00e9sint\u00e9resser du sort des Noirs am\u00e9ricains apr\u00e8s l\u2019annonce du renvoi devant un tribunal du rappeur new-yorkais A$AP Rocky, soup\u00e7onn\u00e9 d\u2019agression \u00e0 Stockholm. Dans un style peu orthodoxe, le pr\u00e9sident [&hellip;]<\/p>\n","protected":false},"author":1965,"featured_media":0,"comment_status":"closed","ping_status":"closed","sticky":false,"template":"","format":"standard","meta":{"fifu_image_url":"","fifu_image_alt":"","footnotes":""},"categories":[73,82],"tags":[],"class_list":["post-48632","post","type-post","status-publish","format-standard","hentry","category-actualite","category-cameroun"],"_links":{"self":[{"href":"https:\/\/linitiative.ca\/International\/wp-json\/wp\/v2\/posts\/48632","targetHints":{"allow":["GET"]}}],"collection":[{"href":"https:\/\/linitiative.ca\/International\/wp-json\/wp\/v2\/posts"}],"about":[{"href":"https:\/\/linitiative.ca\/International\/wp-json\/wp\/v2\/types\/post"}],"author":[{"embeddable":true,"href":"https:\/\/linitiative.ca\/International\/wp-json\/wp\/v2\/users\/1965"}],"replies":[{"embeddable":true,"href":"https:\/\/linitiative.ca\/International\/wp-json\/wp\/v2\/comments?post=48632"}],"version-history":[{"count":0,"href":"https:\/\/linitiative.ca\/International\/wp-json\/wp\/v2\/posts\/48632\/revisions"}],"wp:attachment":[{"href":"https:\/\/linitiative.ca\/International\/wp-json\/wp\/v2\/media?parent=48632"}],"wp:term":[{"taxonomy":"category","embeddable":true,"href":"https:\/\/linitiative.ca\/International\/wp-json\/wp\/v2\/categories?post=48632"},{"taxonomy":"post_tag","embeddable":true,"href":"https:\/\/linitiative.ca\/International\/wp-json\/wp\/v2\/tags?post=48632"}],"curies":[{"name":"wp","href":"https:\/\/api.w.org\/{rel}","templated":true}]}}