{"id":48633,"date":"2019-07-26T05:45:47","date_gmt":"2019-07-26T09:45:47","guid":{"rendered":"https:\/\/linitiative.ca\/International\/apres-la-can-fouzi-lekjaa-rend-hommage-a-herve-renard\/"},"modified":"2019-07-26T05:45:47","modified_gmt":"2019-07-26T09:45:47","slug":"apres-la-can-fouzi-lekjaa-rend-hommage-a-herve-renard","status":"publish","type":"post","link":"https:\/\/linitiative.ca\/International\/apres-la-can-fouzi-lekjaa-rend-hommage-a-herve-renard\/","title":{"rendered":"Apr\u00e8s la CAN, Fouzi Lekjaa rend hommage \u00e0 Herv\u00e9 Renard"},"content":{"rendered":"<p><strong>Le pr\u00e9sident de la F\u00e9d\u00e9ration Royale Marocaine de Football (FRMF) Fouzi Lekjaa a organis\u00e9, jeudi 25 juillet au si\u00e8ge de la FRMF \u00e0 Rabat, une c\u00e9r\u00e9monie pour rendre hommage \u00e0 l\u2019ancien s\u00e9lectionneur des Lions de l\u2019Atlas, Herv\u00e9 Renard.<\/strong><\/p>\n<div class=\"c10\"\/>\n<p>Lors de cette c\u00e9r\u00e9monie qui s\u2019est d\u00e9roul\u00e9e en pr\u00e9sence des membres du Comit\u00e9 Directeur de la FRMF, Lekjaa a remerci\u00e9 le technicien fran\u00e7ais pour le travail accompli avec la s\u00e9lection nationale A et lui a remis un cadeau souvenir.<\/p>\n<p><img decoding=\"async\" src=\"https:\/\/www.challenge.ma\/wp-content\/uploads\/2019\/07\/lekjaaaa-1024x682.jpeg\" alt=\"\" class=\"wp-image-113828\" srcset=\"https:\/\/www.challenge.ma\/wp-content\/uploads\/2019\/07\/lekjaaaa-1024x682.jpeg 1024w, https:\/\/www.challenge.ma\/wp-content\/uploads\/2019\/07\/lekjaaaa-300x200.jpeg 300w, https:\/\/www.challenge.ma\/wp-content\/uploads\/2019\/07\/lekjaaaa-768x512.jpeg 768w, https:\/\/www.challenge.ma\/wp-content\/uploads\/2019\/07\/lekjaaaa-360x240.jpeg 360w, https:\/\/www.challenge.ma\/wp-content\/uploads\/2019\/07\/lekjaaaa-750x500.jpeg 750w, https:\/\/www.challenge.ma\/wp-content\/uploads\/2019\/07\/lekjaaaa.jpeg 1280w\" sizes=\"(max-width: 1024px) 100vw, 1024px\"\/><\/p>\n<p>Pour sa part, Herv\u00e9 Renard a salu\u00e9 le climat professionnel dont lequel il a travaill\u00e9 depuis 2016 ayant marqu\u00e9 sa mission \u00e0 la t\u00eate des Lions de l\u2019Atlas soulignant que \u00ab\u00a0cette p\u00e9riode pass\u00e9e au Maroc restera grav\u00e9e \u00e0 jamais dans ma m\u00e9moire eu \u00e9gard aux r\u00e9sultats r\u00e9alis\u00e9s avec l\u2019\u00e9quipe\u00a0\u00bb. Par la suite, l\u2019ancien coach des Lions de l\u2019Atlas a souhait\u00e9 plein de succ\u00e8s au football National.<\/p>\n<div class=\"c17\">\n<fieldset class=\"c16\">\n<legend><strong><span class=\"c11\">Challenge<\/span><span class=\"c12\">news<\/span><\/strong><\/legend>\n<div class=\"c15\">Le meilleur de la r\u00e9daction s\u00e9lectionn\u00e9 par Challenge :<\/p>\n<\/div>\n<\/fieldset>\n<\/div>\n<p>Auteur: Hajar DARI<br \/>\n<a href=\"https:\/\/www.challenge.ma\/apres-la-can-fouzi-lekjaa-rend-hommage-a-herve-renard-113825\/\">Cliquez ici pour lire l&rsquo;article depuis sa source.<\/a><\/p>\n","protected":false},"excerpt":{"rendered":"<p>Le pr\u00e9sident de la F\u00e9d\u00e9ration Royale Marocaine de Football (FRMF) Fouzi Lekjaa a organis\u00e9, jeudi 25 juillet au si\u00e8ge de la FRMF \u00e0 Rabat, une c\u00e9r\u00e9monie pour rendre hommage \u00e0 l\u2019ancien s\u00e9lectionneur des Lions de l\u2019Atlas, Herv\u00e9 Renard. Lors de cette c\u00e9r\u00e9monie qui s\u2019est d\u00e9roul\u00e9e en pr\u00e9sence des membres du Comit\u00e9 Directeur de la FRMF, [&hellip;]<\/p>\n","protected":false},"author":1787,"featured_media":48638,"comment_status":"closed","ping_status":"closed","sticky":false,"template":"","format":"standard","meta":{"fifu_image_url":"","fifu_image_alt":"","footnotes":""},"categories":[78,54],"tags":[],"class_list":["post-48633","post","type-post","status-publish","format-standard","has-post-thumbnail","hentry","category-economie","category-maroc"],"_links":{"self":[{"href":"https:\/\/linitiative.ca\/International\/wp-json\/wp\/v2\/posts\/48633","targetHints":{"allow":["GET"]}}],"collection":[{"href":"https:\/\/linitiative.ca\/International\/wp-json\/wp\/v2\/posts"}],"about":[{"href":"https:\/\/linitiative.ca\/International\/wp-json\/wp\/v2\/types\/post"}],"author":[{"embeddable":true,"href":"https:\/\/linitiative.ca\/International\/wp-json\/wp\/v2\/users\/1787"}],"replies":[{"embeddable":true,"href":"https:\/\/linitiative.ca\/International\/wp-json\/wp\/v2\/comments?post=48633"}],"version-history":[{"count":0,"href":"https:\/\/linitiative.ca\/International\/wp-json\/wp\/v2\/posts\/48633\/revisions"}],"wp:featuredmedia":[{"embeddable":true,"href":"https:\/\/linitiative.ca\/International\/wp-json\/"}],"wp:attachment":[{"href":"https:\/\/linitiative.ca\/International\/wp-json\/wp\/v2\/media?parent=48633"}],"wp:term":[{"taxonomy":"category","embeddable":true,"href":"https:\/\/linitiative.ca\/International\/wp-json\/wp\/v2\/categories?post=48633"},{"taxonomy":"post_tag","embeddable":true,"href":"https:\/\/linitiative.ca\/International\/wp-json\/wp\/v2\/tags?post=48633"}],"curies":[{"name":"wp","href":"https:\/\/api.w.org\/{rel}","templated":true}]}}