{"id":48635,"date":"2019-07-26T06:30:00","date_gmt":"2019-07-26T10:30:00","guid":{"rendered":"https:\/\/linitiative.ca\/International\/reportage-photos-a-jarfie-festival-bat-son-plein\/"},"modified":"2019-07-26T06:30:00","modified_gmt":"2019-07-26T10:30:00","slug":"reportage-photos-a-jarfie-festival-bat-son-plein","status":"publish","type":"post","link":"https:\/\/linitiative.ca\/International\/reportage-photos-a-jarfie-festival-bat-son-plein\/","title":{"rendered":"Reportage photos, A. JARFIe festival bat son plein"},"content":{"rendered":"<p class=\"rtejustify\">Depuis vendredi dernier et jusqu\u2019au 26 juillet, El Jadida abrite l\u2019\u00e9dition 2019 du Moussem de Moulay Abdellah Amghar. Une centaine de \u00absarbas\u00bb (groupes de cavaliers) se relaient sur la piste \u00abMehrek\u00bb et plus de 1.500 chevaux y participent. Cette ann\u00e9e, le Moussem jouit d\u2019une meilleure organisation. Un second Mehrek ainsi qu\u2019un grand parking ont \u00e9t\u00e9 install\u00e9s pour les festivaliers. Au programme, les arts ancestraux de la fantasia \u00abtbourida\u00bb et la chasse au faucon, des manifestations religieuses, comme des soir\u00e9es de madih, mais aussi des divertissements artistiques et folkloriques. Selon les organisateurs, pr\u00e8s de 2 millions de visiteurs sont attendus pour cette \u00e9dition.<\/p>\n<p><em>Reportage photos, A. JARFI<\/em><\/p>\n<p>Auteur: hlafriqi<br \/>\n<a href=\"https:\/\/www.leconomiste.com\/article\/1048302-reportage-photos-jarfie-festival-bat-son-plein-scald32050-sdl-editor-representation\">Cliquez ici pour lire l&rsquo;article depuis sa source.<\/a><\/p>\n","protected":false},"excerpt":{"rendered":"<p>Depuis vendredi dernier et jusqu\u2019au 26 juillet, El Jadida abrite l\u2019\u00e9dition 2019 du Moussem de Moulay Abdellah Amghar. Une centaine de \u00absarbas\u00bb (groupes de cavaliers) se relaient sur la piste \u00abMehrek\u00bb et plus de 1.500 chevaux y participent. Cette ann\u00e9e, le Moussem jouit d\u2019une meilleure organisation. Un second Mehrek ainsi qu\u2019un grand parking ont \u00e9t\u00e9 [&hellip;]<\/p>\n","protected":false},"author":1763,"featured_media":0,"comment_status":"closed","ping_status":"closed","sticky":false,"template":"","format":"standard","meta":{"fifu_image_url":"","fifu_image_alt":"","footnotes":""},"categories":[78,54],"tags":[],"class_list":["post-48635","post","type-post","status-publish","format-standard","hentry","category-economie","category-maroc"],"_links":{"self":[{"href":"https:\/\/linitiative.ca\/International\/wp-json\/wp\/v2\/posts\/48635","targetHints":{"allow":["GET"]}}],"collection":[{"href":"https:\/\/linitiative.ca\/International\/wp-json\/wp\/v2\/posts"}],"about":[{"href":"https:\/\/linitiative.ca\/International\/wp-json\/wp\/v2\/types\/post"}],"author":[{"embeddable":true,"href":"https:\/\/linitiative.ca\/International\/wp-json\/wp\/v2\/users\/1763"}],"replies":[{"embeddable":true,"href":"https:\/\/linitiative.ca\/International\/wp-json\/wp\/v2\/comments?post=48635"}],"version-history":[{"count":0,"href":"https:\/\/linitiative.ca\/International\/wp-json\/wp\/v2\/posts\/48635\/revisions"}],"wp:attachment":[{"href":"https:\/\/linitiative.ca\/International\/wp-json\/wp\/v2\/media?parent=48635"}],"wp:term":[{"taxonomy":"category","embeddable":true,"href":"https:\/\/linitiative.ca\/International\/wp-json\/wp\/v2\/categories?post=48635"},{"taxonomy":"post_tag","embeddable":true,"href":"https:\/\/linitiative.ca\/International\/wp-json\/wp\/v2\/tags?post=48635"}],"curies":[{"name":"wp","href":"https:\/\/api.w.org\/{rel}","templated":true}]}}