{"id":48636,"date":"2019-07-26T07:25:30","date_gmt":"2019-07-26T11:25:30","guid":{"rendered":"https:\/\/linitiative.ca\/International\/entreprises-de-construction-le-maroc-elu-1er-vice-president-de-lafcca\/"},"modified":"2019-07-26T07:25:30","modified_gmt":"2019-07-26T11:25:30","slug":"entreprises-de-construction-le-maroc-elu-1er-vice-president-de-lafcca","status":"publish","type":"post","link":"https:\/\/linitiative.ca\/International\/entreprises-de-construction-le-maroc-elu-1er-vice-president-de-lafcca\/","title":{"rendered":"Entreprises de construction : Le Maroc \u00e9lu 1er vice-pr\u00e9sident de l\u2019AFCCA"},"content":{"rendered":"<header>\n<div class=\"entry-post-meta\">\n<div class=\"author-link\">Publi\u00e9 par <a itemprop=\"author\" itemscope=\"\" itemtype=\"https:\/\/schema.org\/Person\" href=\"http:\/\/aujourdhui.ma\/profile\/kaid\" rel=\"author\"><span itemprop=\"name\">ALM<\/span><\/a><\/div>\n<p>Date\u00a0:<time content=\"2019-07-26T12:25:30+00:00\" class=\"entry-date updated\" datetime=\"2019-07-26T12:25:30+00:00\">juillet 26, 2019<\/time><\/p>\n<div class=\"entry-cat\">dans:<a href=\"http:\/\/aujourdhui.ma\/category\/economie\" rel=\"category tag\">Economie<\/a><\/div>\n<p>0 Vues<\/p>\n<\/div>\n<\/header>\n<div class=\"entry-content clearfix\" readability=\"46\"><img decoding=\"async\" class=\"post_layout_5_img\" src=\"http:\/\/aujourdhui.ma\/wp-content\/uploads\/2017\/12\/Btp-chantier.jpg?x29840\" alt=\"Entreprises de construction : Le Maroc \u00e9lu 1er vice-pr\u00e9sident de l\u2019AFCCA\"\/><\/p>\n<p class=\"p2\"><span class=\"c4\"><strong>Le Maroc en la personne du vice-pr\u00e9sident de la F\u00e9d\u00e9ration nationale du b\u00e2timent et des travaux publics (FNBTP), Abdelhaq Laraichi, a \u00e9t\u00e9 \u00e9lu, r\u00e9cemment au Caire, 1er vice-pr\u00e9sident de la Conf\u00e9d\u00e9ration africaine des entreprises de la construction (AFCCA).<\/strong><\/span><span id=\"more-315879\"\/><\/p>\n<p class=\"p2\">L\u2019\u00e9lection de M. Laraichi a eu lieu en marge des travaux de la 14\u00e8me r\u00e9union de l\u2019assembl\u00e9e g\u00e9n\u00e9rale de la Conf\u00e9d\u00e9ration africaine, tenue dans la capitale \u00e9gyptienne. A cette occasion, M. Laraichi a propos\u00e9 aux membres de l\u2019AFCCA de tenir leur 24e r\u00e9union du Bureau ex\u00e9cutif \u00e0 Marrakech en f\u00e9vrier 2020, indique un communiqu\u00e9 du bureau r\u00e9gional Rabat-Sal\u00e9-K\u00e9nitra de la f\u00e9d\u00e9ration.<\/p>\n<\/div>\n<p>Auteur: ALM<br \/>\n<a href=\"http:\/\/aujourdhui.ma\/economie\/entreprises-de-construction-le-maroc-elu-1er-vice-president-de-lafcca\">Cliquez ici pour lire l&rsquo;article depuis sa source.<\/a><\/p>\n","protected":false},"excerpt":{"rendered":"<p>Publi\u00e9 par ALM Date\u00a0:juillet 26, 2019 dans:Economie 0 Vues Le Maroc en la personne du vice-pr\u00e9sident de la F\u00e9d\u00e9ration nationale du b\u00e2timent et des travaux publics (FNBTP), Abdelhaq Laraichi, a \u00e9t\u00e9 \u00e9lu, r\u00e9cemment au Caire, 1er vice-pr\u00e9sident de la Conf\u00e9d\u00e9ration africaine des entreprises de la construction (AFCCA). L\u2019\u00e9lection de M. Laraichi a eu lieu en [&hellip;]<\/p>\n","protected":false},"author":1759,"featured_media":0,"comment_status":"closed","ping_status":"closed","sticky":false,"template":"","format":"standard","meta":{"fifu_image_url":"","fifu_image_alt":"","footnotes":""},"categories":[73,54],"tags":[],"class_list":["post-48636","post","type-post","status-publish","format-standard","hentry","category-actualite","category-maroc"],"_links":{"self":[{"href":"https:\/\/linitiative.ca\/International\/wp-json\/wp\/v2\/posts\/48636","targetHints":{"allow":["GET"]}}],"collection":[{"href":"https:\/\/linitiative.ca\/International\/wp-json\/wp\/v2\/posts"}],"about":[{"href":"https:\/\/linitiative.ca\/International\/wp-json\/wp\/v2\/types\/post"}],"author":[{"embeddable":true,"href":"https:\/\/linitiative.ca\/International\/wp-json\/wp\/v2\/users\/1759"}],"replies":[{"embeddable":true,"href":"https:\/\/linitiative.ca\/International\/wp-json\/wp\/v2\/comments?post=48636"}],"version-history":[{"count":0,"href":"https:\/\/linitiative.ca\/International\/wp-json\/wp\/v2\/posts\/48636\/revisions"}],"wp:attachment":[{"href":"https:\/\/linitiative.ca\/International\/wp-json\/wp\/v2\/media?parent=48636"}],"wp:term":[{"taxonomy":"category","embeddable":true,"href":"https:\/\/linitiative.ca\/International\/wp-json\/wp\/v2\/categories?post=48636"},{"taxonomy":"post_tag","embeddable":true,"href":"https:\/\/linitiative.ca\/International\/wp-json\/wp\/v2\/tags?post=48636"}],"curies":[{"name":"wp","href":"https:\/\/api.w.org\/{rel}","templated":true}]}}