{"id":48637,"date":"2019-07-26T06:54:00","date_gmt":"2019-07-26T10:54:00","guid":{"rendered":"https:\/\/linitiative.ca\/International\/si-beji-caid-essebsi-un-mobilisateur-du-nationalisme\/"},"modified":"2019-07-26T06:54:00","modified_gmt":"2019-07-26T10:54:00","slug":"si-beji-caid-essebsi-un-mobilisateur-du-nationalisme","status":"publish","type":"post","link":"https:\/\/linitiative.ca\/International\/si-beji-caid-essebsi-un-mobilisateur-du-nationalisme\/","title":{"rendered":"Si B\u00e9ji Caid Essebsi : Un mobilisateur du Nationalisme"},"content":{"rendered":"<p>Durant les ann\u00e9es 80, voulant permettre \u00e0 la Tunisie l\u2019acc\u00e8s \u00e0 la technologie nord-am\u00e9ricaine, le Pr\u00e9sident Bourguiba avait ordonn\u00e9 la formation de 1000 ing\u00e9nieurs dans des universit\u00e9s nord-am\u00e9ricaines.\u00a0 Etant charg\u00e9 de la gestion de cet important projet, j\u2019avais demand\u00e9 \u00e0 l\u2019Ambassade am\u00e9ricaine \u00e0 Tunis la contribution de l\u2019USAID au financement de cet important projet. J\u2019ai \u00e9t\u00e9 inform\u00e9 que l\u2019USAID n\u2019avait\u00a0 plus de fonds pour le financement de programmes tunisiens.<\/p>\n<p>Profitant de la visite en Tunisie de Mr. Lawrence Eagleberger, alors sous-Secr\u00e9taire d\u2019Etat durant l\u2019Administration Bush, j\u2019\u00e9tais venu de Washington \u00e0 Tunis pour lui pr\u00e9senter notre projet de \u00ab former 1000 ing\u00e9nieurs aux USA pour promouvoir la Technologie am\u00e9ricaine dans la r\u00e9gion\u00bb. Voyant l\u2019int\u00e9r\u00eat du projet pour son pays, il m\u2018a tenu par l\u2019\u00e9paule et m\u2019a invit\u00e9 \u00e0 d\u00e9jeuner \u00e0 Washington.<\/p>\n<p>j\u2019avais inform\u00e9 notre Ambassadeur \u00e0 Washington de l\u2019invitation. Il m\u2019avait ordonn\u00e9 de ne pas l\u2019accepter puisqu\u2019il s\u2019agit d\u2019un contact diplomatique et non universitaire. J\u2019ai t\u00e9l\u00e9phon\u00e9 \u00e0 Si B\u00e9ji, alors Ministre des Affaires \u00e9trang\u00e8res, sans l\u2019informer des directives de notre Ambassade, mais juste pour recueillir son avis. Il m\u2019avait f\u00e9licit\u00e9 me disant \u00ab Bien s\u00fbr que tu acceptes l\u2019invitation, vous \u00eates tous des ambassadeurs de la Tunisie \u00bb. Ce d\u00e9jeuner avait abouti \u00e0 une contribution am\u00e9ricaine au financement du programme de cinq millions de dollars par an pendant une p\u00e9riode de sept ans.<br \/>Cette anecdote illustre bien l\u2019accessibilit\u00e9 de Si B\u00e9ji et son soutien \u00e0 toutes initiatives d\u2019int\u00e9r\u00eat au pays.<\/p>\n<p>Allah Yerhamekya Si B\u00e9ji<\/p>\n<p class=\"c2\"><strong>T\u00e9moignage de Mahmoud Triki<br \/><\/strong> <em>Universitaire<\/em><\/p>\n<p>Auteur:<br \/>\n<a href=\"https:\/\/www.leaders.com.tn\/article\/27592-si-beji-caid-essebsi-un-mobilisateur-du-nationalisme\">Cliquez ici pour lire l&rsquo;article depuis sa source.<\/a><\/p>\n","protected":false},"excerpt":{"rendered":"<p>Durant les ann\u00e9es 80, voulant permettre \u00e0 la Tunisie l\u2019acc\u00e8s \u00e0 la technologie nord-am\u00e9ricaine, le Pr\u00e9sident Bourguiba avait ordonn\u00e9 la formation de 1000 ing\u00e9nieurs dans des universit\u00e9s nord-am\u00e9ricaines.\u00a0 Etant charg\u00e9 de la gestion de cet important projet, j\u2019avais demand\u00e9 \u00e0 l\u2019Ambassade am\u00e9ricaine \u00e0 Tunis la contribution de l\u2019USAID au financement de cet important projet. J\u2019ai [&hellip;]<\/p>\n","protected":false},"author":1772,"featured_media":0,"comment_status":"closed","ping_status":"closed","sticky":false,"template":"","format":"standard","meta":{"fifu_image_url":"","fifu_image_alt":"","footnotes":""},"categories":[73,55],"tags":[],"class_list":["post-48637","post","type-post","status-publish","format-standard","hentry","category-actualite","category-tunisie"],"_links":{"self":[{"href":"https:\/\/linitiative.ca\/International\/wp-json\/wp\/v2\/posts\/48637","targetHints":{"allow":["GET"]}}],"collection":[{"href":"https:\/\/linitiative.ca\/International\/wp-json\/wp\/v2\/posts"}],"about":[{"href":"https:\/\/linitiative.ca\/International\/wp-json\/wp\/v2\/types\/post"}],"author":[{"embeddable":true,"href":"https:\/\/linitiative.ca\/International\/wp-json\/wp\/v2\/users\/1772"}],"replies":[{"embeddable":true,"href":"https:\/\/linitiative.ca\/International\/wp-json\/wp\/v2\/comments?post=48637"}],"version-history":[{"count":0,"href":"https:\/\/linitiative.ca\/International\/wp-json\/wp\/v2\/posts\/48637\/revisions"}],"wp:attachment":[{"href":"https:\/\/linitiative.ca\/International\/wp-json\/wp\/v2\/media?parent=48637"}],"wp:term":[{"taxonomy":"category","embeddable":true,"href":"https:\/\/linitiative.ca\/International\/wp-json\/wp\/v2\/categories?post=48637"},{"taxonomy":"post_tag","embeddable":true,"href":"https:\/\/linitiative.ca\/International\/wp-json\/wp\/v2\/tags?post=48637"}],"curies":[{"name":"wp","href":"https:\/\/api.w.org\/{rel}","templated":true}]}}