{"id":48639,"date":"2019-07-25T21:23:03","date_gmt":"2019-07-26T01:23:03","guid":{"rendered":"https:\/\/linitiative.ca\/International\/le-redeploiement-au-menapln-autorise\/"},"modified":"2019-07-25T21:23:03","modified_gmt":"2019-07-26T01:23:03","slug":"le-redeploiement-au-menapln-autorise","status":"publish","type":"post","link":"https:\/\/linitiative.ca\/International\/le-redeploiement-au-menapln-autorise\/","title":{"rendered":"Le red\u00e9ploiement au MENAPLN autoris\u00e9"},"content":{"rendered":"<p><strong>Le Conseil des ministres s\u2019est tenu \u00e0 Ouagadougou,\u00a0le jeudi 25 juillet 2019,\u00a0en s\u00e9ance ordinaire, de 09 H 30 mn \u00e0 16 H 30 mn,\u00a0sous la pr\u00e9sidence de\u00a0Son Excellence Monsieur Roch Marc Christian KABORE,\u00a0Pr\u00e9sident du Faso, Pr\u00e9sident du Conseil des ministres. Il a d\u00e9lib\u00e9r\u00e9 sur les dossiers inscrits \u00e0 son ordre du jour,\u00a0entendu des communications orales,\u00a0proc\u00e9d\u00e9 \u00e0 des nominations,\u00a0pris une sanction\u00a0et autoris\u00e9 des missions \u00e0 l\u2019\u00e9tranger.<\/strong><\/p>\n<p>I. DELIBERATIONS<\/p>\n<p>I.1. AU TITRE DE LA REFORME DES INSTITUTIONS ET DE LA MODERNISATION DE L\u2019ADMINISTRATION, LE CONSEIL A ADOPTE ONZE (11) RAPPORTS.<\/p>\n<p>I.1.1. Pour le compte du minist\u00e8re de l\u2019Administration territoriale, de la d\u00e9centralisation et de la coh\u00e9sion sociale\u00a0:<br \/>\u2013 un d\u00e9cret portant r\u00e9vision et constitution des listes \u00e9lectorales biom\u00e9triques au titre de l\u2019ann\u00e9e 2020.<br \/>La r\u00e9vision et la constitution des listes \u00e9lectorales biom\u00e9triques se feront du 1er janvier au 31 mars 2020.<br \/>L\u2019adoption de ce d\u00e9cret permettra de disposer d\u2019un fichier \u00e9lectoral mis \u00e0 jour conform\u00e9ment \u00e0 la loi n\u00b0035-2018\/AN du 30 juillet 2018 portant modification du Code \u00e9lectoral.<\/p>\n<p>I.1.2. Pour le compte du minist\u00e8re des Affaires \u00e9trang\u00e8res et de la coop\u00e9ration\u00a0:<br \/>\u2013\u00a0un d\u00e9cret portant fixation des conditions d\u2019affectation et de s\u00e9jour dans les missions diplomatiques et postes consulaires du Burkina Faso \u00e0 l\u2019\u00e9tranger.<br \/>Ce d\u00e9cret vise la d\u00e9termination de la p\u00e9riode effective du s\u00e9jour des agents affect\u00e9s dans les missions diplomatiques et postes consulaires et la situation des conjoints des agents affect\u00e9s dans les missions diplomatiques et postes consulaires.<br \/>L\u2019adoption de ce d\u00e9cret permet un meilleur suivi des agents dans les missions diplomatiques et consulaires.<br \/>Le Conseil a instruit les ministres charg\u00e9s des Affaires \u00e9trang\u00e8res, de l\u2019Int\u00e9gration africaine et des Finances \u00e0 pr\u00e9senter au Conseil, pour la fin septembre 2019 au plus tard, une strat\u00e9gie pour l\u2019organisation-type des ambassades.<\/p>\n<p>I.1.3. Pour le compte du minist\u00e8re de l\u2019Economie, des finances et du d\u00e9veloppement\u00a0:<br \/>\u2013\u00a0deux d\u00e9crets portant respectivement modalit\u00e9s de r\u00e9mun\u00e9ration et avantages applicables au personnel des Missions diplomatiques et postes consulaires du Burkina Faso \u00e0 l\u2019\u00e9tranger et fixation des taux de correction des salaires du personnel des Missions diplomatiques et postes consulaires du Burkina Faso \u00e0 l\u2019\u00e9tranger.<br \/>L\u2019adoption de ces d\u00e9crets permet de mettre en \u0153uvre les conclusions des n\u00e9gociations entre le gouvernement et les partenaires sociaux du secteur des Affaires \u00e9trang\u00e8res et des Burkinab\u00e8 de l\u2019ext\u00e9rieur.<br \/>\u2013\u00a0une ordonnance portant autorisation de ratification des accords n\u00b0D476-BF, n\u00b06434-BF, conclus le 19 juin 2019 \u00e0 Ouagadougou entre le Burkina Faso et l\u2019Association internationale de d\u00e9veloppement (IDA) pour le financement additionnel du Projet filets sociaux \u00ab\u00a0Mise \u00e0 l\u2019\u00e9chelle et r\u00e9ponse aux besoins des r\u00e9fugi\u00e9s et des communaut\u00e9s h\u00f4tes\u00a0\u00bb.<br \/>Ces accords sont constitu\u00e9s d\u2019un montant total de 100 millions USD, soit environ cinquante-huit milliards<br \/>(58\u00a0000\u00a0000\u00a0000) de F CFA dont cinquante-quatre milliards<br \/>(54\u00a0000\u00a0000\u00a0000) de F CFA en don et quatre milliards (4\u00a0000\u00a0000\u00a0000) de F CFA en pr\u00eat.<br \/>Ces financements permettront d\u2019accro\u00eetre l\u2019acc\u00e8s des m\u00e9nages pauvres et vuln\u00e9rables aux filets sociaux et de proroger le Projet filets sociaux jusqu\u2019en 2024.<br \/>\u2013\u00a0une ordonnance portant autorisation de ratification de l\u2019accord de cr\u00e9dit n\u00b06396-BF conclu le 10 mai 2019 \u00e0 Ouagadougou entre le Burkina Faso et l\u2019Association internationale de d\u00e9veloppement (IDA) pour le financement du Projet d\u2019appui \u00e0 l\u2019inclusion financi\u00e8re et \u00e0 l\u2019acc\u00e8s au financement des petites et moyennes entreprises.<br \/>D\u2019un montant de 100 millions USD, soit environ cinquante-huit milliards (58\u00a0000\u00a0000\u00a0000) de F CFA, ce financement permettra d\u2019accro\u00eetre l\u2019acc\u00e8s aux services financiers num\u00e9riques et de faciliter l\u2019acc\u00e8s au cr\u00e9dit pour des b\u00e9n\u00e9ficiaires cibl\u00e9s.<br \/>\u2013\u00a0un rapport relatif au processus de nomination du Directeur g\u00e9n\u00e9ral de l\u2019Ecole nationale des r\u00e9gies financi\u00e8res (ENAREF).<br \/>Le processus de recrutement d\u2019un Directeur g\u00e9n\u00e9ral par appel \u00e0 candidature lanc\u00e9 le 12 septembre 2018, s\u2019est r\u00e9v\u00e9l\u00e9 infructueux.<br \/>Le Conseil des ministres autorise la nomination directe d\u2019un Directeur g\u00e9n\u00e9ral de ladite institution.<\/p>\n<p>I.1.4. Pour le compte du minist\u00e8re de l\u2019Enseignement sup\u00e9rieur, de la recherche scientifique et de l\u2019innovation\u00a0:<br \/>\u2013\u00a0un d\u00e9cret portant approbation des statuts de l\u2019Ecole nationale sup\u00e9rieure de Koudougou (ENSK).<br \/>L\u2019adoption de ce d\u00e9cret permet de doter l\u2019ENSK de statuts lui permettant d\u2019accomplir efficacement ses missions conform\u00e9ment au d\u00e9cret n\u00b02014-612 \/ PRES \/ PM \/ MEF du 24 juillet 2014 portant cr\u00e9ation de la cat\u00e9gorie d\u2019\u00e9tablissement public de l\u2019Etat \u00e0 caract\u00e8re scientifique, culturel et technique (EPSCT).<br \/>\u2013\u00a0un d\u00e9cret portant approbation des statuts de l\u2019Universit\u00e9 virtuelle du Burkina Faso (UV-BF).<br \/>La cr\u00e9ation de l\u2019UV-BF vise \u00e0 promouvoir un enseignement sup\u00e9rieur qualifiant et efficient par les Technologies de l\u2019information et de la communication dans l\u2019enseignement (TICE).<br \/>L\u2019adoption de ce d\u00e9cret permet de doter l\u2019Universit\u00e9 virtuelle du Burkina Faso de statuts conform\u00e9ment au d\u00e9cret n\u00b02014-612\/PRES\/PM\/MEF du 24 juillet 2014 portant cr\u00e9ation de la cat\u00e9gorie d\u2019\u00e9tablissement public de l\u2019Etat \u00e0 caract\u00e8re scientifique, culturel et technique (EPSCT).<\/p>\n<p>I.1.5. Pour le compte du minist\u00e8re de la Fonction publique, du travail et de la protection sociale\u00a0:<br \/>\u2013\u00a0un d\u00e9cret portant conditions et modalit\u00e9s d\u2019affectation pour n\u00e9cessit\u00e9 de service \u00e0 titre exceptionnel des personnels du minist\u00e8re de l\u2019Education nationale, de l\u2019alphab\u00e9tisation et de la promotion des langues nationales (MENAPLN).<br \/>Au terme du recensement g\u00e9ographique des agents, les r\u00e9sultats donnent de constater des sureffectifs des agents et un grand d\u00e9s\u00e9quilibre dans la r\u00e9partition de ceux-ci.<br \/>L\u2019adoption de ce d\u00e9cret permet d\u2019organiser une session sp\u00e9ciale d\u2019affectation afin de rationaliser les effectifs d\u2019agents publics mis \u00e0 la disposition du MENAPLN.<br \/>\u2013\u00a0un rapport relatif \u00ab\u00a0aux mouvements d\u2019humeur\u00a0\u00bb au sein des administrations publiques en soutien des revendications des agents publics.<br \/>Il est observ\u00e9 depuis 2017, une forme de manifestations des agents publics qui consiste pour leurs organisateurs \u00e0 inciter les travailleurs ou m\u00eame \u00e0 les obliger sous des formes de pressions diverses \u00e0 r\u00e9guler le fonctionnement normal des services par des agissements tendant \u00e0 ralentir voire \u00e0 interrompre l\u2019ex\u00e9cution continue d\u2019une cha\u00eene d\u2019activit\u00e9s ou de t\u00e2ches.<br \/>Le Conseil a d\u00e9cid\u00e9 face \u00e0 cette situation\u00a0de :<br \/>\u2013 la saisine solennelle du Conseil d\u2019Etat pour se prononcer sur la nature\u00a0des \u00ab mouvements d\u2019humeur\u00a0\u00bb\u00a0;<br \/>\u2013 la saisine de l\u2019Autorit\u00e9 sup\u00e9rieure de contr\u00f4le d\u2019Etat et de lutte contre la corruption (ASCE-LC) pour un contr\u00f4le du fonctionnement de l\u2019administration.<\/p>\n<p>I.1.6. Pour le compte du minist\u00e8re de l\u2019Energie\u00a0:<br \/>\u2013un rapport relatif \u00e0 trois d\u00e9crets d\u2019application de la loi n\u00b0014-2017\/AN du 20 avril 2017 portant r\u00e8glement g\u00e9n\u00e9ral du secteur de l\u2019\u00e9nergie.<br \/>Il s\u2019agit\u00a0:<br \/>\u2013\u00a0du d\u00e9cret portant fixation du niveau de consommation annuelle en \u00e9nergie \u00e9lectrique du client \u00e9ligible et les conditions de son retour aux tarifs r\u00e9gul\u00e9s\u00a0;<br \/>\u2013\u00a0du d\u00e9cret portant modalit\u00e9s d\u2019acc\u00e8s des autoproducteurs d\u2019\u00e9nergies renouvelables au r\u00e9seau \u00e9lectrique et les conditions de rachat de leur exc\u00e9dent d\u2019\u00e9nergie\u00a0;<br \/>\u2013\u00a0du d\u00e9cret portant fixation des seuils de production et des conditions d\u2019obtention des agr\u00e9ments de production de carburant ou de gaz \u00e0 base de biomasse.<br \/>L\u2019adoption de ces d\u00e9crets vise l\u2019atteinte des objectifs du mix \u00e9nerg\u00e9tique et la promotion des \u00e9nergies renouvelables dans notre pays.<\/p>\n<p>II.\u00a0COMMUNICATIONS ORALES<\/p>\n<p>II.1. Le ministre des Affaires \u00e9trang\u00e8res a pr\u00e9sent\u00e9 au Conseil le chronogramme des activit\u00e9s de la 8\u00e8me Conf\u00e9rence au sommet du Trait\u00e9 d\u2019amiti\u00e9 et de coop\u00e9ration (TAC) Burkina Faso-C\u00f4te d\u2019Ivoire, pr\u00e9vue pour se tenir du 27 au 31 juillet 2019 \u00e0 Ouagadougou.<br \/>II.2. Le ministre de la S\u00e9curit\u00e9 a pr\u00e9sent\u00e9 au Conseil les conclusions de l\u2019enqu\u00eate administrative suite au d\u00e9c\u00e8s, dans la nuit du 14 au 15 juillet 2019 \u00e0 Ouagadougou, de 11 personnes gard\u00e9es \u00e0 vue \u00e0 l\u2019Unit\u00e9 anti-drogue de la Police nationale.<br \/>Il a inform\u00e9 le Conseil de la prise de mesures pour \u00e9viter la survenue d\u2019un tel drame, du maintien des mesures conservatoires et de leur \u00e9largissement \u00e0 d\u2019autres agents de police ainsi que de l\u2019annulation d\u2019affectation de certains agents au regard des justificatifs produits.<br \/>II.3. Le ministre du Commerce de l\u2019industrie et de l\u2019artisanat a fait au Conseil le bilan des Journ\u00e9es de Promotion \u00e9conomique et commerciale du Burkina Faso \u00e0 Dakar en R\u00e9publique du S\u00e9n\u00e9gal, tenues du 08 au 14 juillet 2019, sous le th\u00e8me\u00a0: \u00ab\u00a0Raffermissement des relations \u00e9conomiques et commerciales entre le Burkina Faso et la R\u00e9publique du S\u00e9n\u00e9gal\u00a0\u00bb.<br \/>Le gouvernement salue la forte mobilisation et l\u2019implication de la communaut\u00e9 burkinab\u00e8 vivant au S\u00e9n\u00e9gal dans l\u2019organisation de la manifestation et remercie le gouvernement et le peuple s\u00e9n\u00e9galais pour son accueil et son hospitalit\u00e9.<br \/>II.4. Le ministre de la Jeunesse et de la promotion de l\u2019entrepreneuriat des jeunes a pr\u00e9sent\u00e9 au Conseil les conclusions de la 3\u00e8me \u00e9dition du Forum national de l\u2019\u00e9conomie informelle, tenue du 18 au 22 juillet 2019 \u00e0 Ouagadougou.<br \/>Le gouvernement f\u00e9licite les acteurs pour leur participation, leur contribution \u00e0 la qualit\u00e9 des travaux et aux r\u00e9sultats obtenus.<\/p>\n<p>III. NOMINATIONS ET SANCTION<\/p>\n<p>III.1. NOMINATIONS DANS LES FONCTIONS INDIVIDUELLES<\/p>\n<p>A. AU TITRE DE LA PRESIDENCE DU FASO<br \/>\u2013 Monsieur Oumarou SADOU, Officier g\u00e9n\u00e9ral, est nomm\u00e9 Ambassadeur extraordinaire et pl\u00e9nipotentiaire du Burkina Faso en Alg\u00e9rie\u00a0;<br \/>\u2013 Monsieur Moctar TALL, Mle 26\u00a0219 S,\u00a0Enseignant-chercheur, est nomm\u00e9 Conseiller sp\u00e9cial charg\u00e9 des affaires juridiques et institutionnelles\u00a0;<br \/>\u2013 Monsieur Nicolas MEDAH, Mle 32\u00a0128 L, Professeur hospitalo-universitaire titulaire de sant\u00e9 publique, cat\u00e9gorie P, \u00e9chelle 1, grade interm\u00e9diaire, 2\u00e8me \u00e9chelon, est nomm\u00e9 Conseiller sp\u00e9cial sur les questions de d\u00e9veloppement du capital humain\u00a0;<br \/>\u2013 Monsieur Pengdwend\u00e9 Cl\u00e9ment SAWADOGO, Mle 22\u00a0121 G, Conseiller des affaires \u00e9conomiques, est nomm\u00e9 Conseiller sp\u00e9cial sur les questions \u00e9conomiques et de d\u00e9veloppement\u00a0;<br \/>\u2013 Monsieur Daniel ZERBO, Mle 34\u00a0998 S, Conseiller d\u2019intendance scolaire et universitaire, 1\u00e8re classe, 6\u00e8me \u00e9chelon, est nomm\u00e9 Directeur de l\u2019Administration des finances de l\u2019Acad\u00e9mie nationale des sciences, des arts et des lettres du Burkina Faso (ANSAL-BF)\u00a0;<br \/>\u2013 Monsieur Adama DAYO, Mle 256\u00a0911 L, Professeur de coll\u00e8ge d\u2019enseignement g\u00e9n\u00e9ral, 1\u00e8re classe, 1er \u00e9chelon, est nomm\u00e9 Chef de D\u00e9partement charg\u00e9 des communaut\u00e9s coutumi\u00e8res et religieuses, des Organisations non gouvernementales et des Organisations \u00e0 base communautaire du Secr\u00e9tariat permanent du Conseil national de lutte contre le Sida et les IST (CNLS-IST)\u00a0;<br \/>\u2013 Monsieur Pousbila ZABA, Mle 58\u00a0788 A, Inspecteur du tr\u00e9sor,\u00a0 \u00a0 \u00a0 \u00a0 \u00a0 \u00a0 \u00a0 1\u00e8re classe, 5\u00e8me \u00e9chelon, est nomm\u00e9 Chef de D\u00e9partement de l\u2019Administration et des finances du Secr\u00e9tariat permanent du Conseil national de lutte contre le Sida et les IST (CNLS-IST)\u00a0;<br \/>\u2013 Monsieur Jean Victor OUEDRAOGO, Mle 76\u00a0493 V, Journaliste, 1\u00e8re classe, 7\u00e8me \u00e9chelon, est nomm\u00e9 Chef de D\u00e9partement Communication et relations publiques du Secr\u00e9tariat permanent du Conseil national de lutte contre le Sida et les IST (CNLS-IST).<\/p>\n<p>B. AU TITRE DU MINISTERE DE LA JUSTICE<br \/>\u2013 Monsieur J\u00e9r\u00f4me TRAORE, Mle 30\u00a0121 Y, Magistrat du grade exceptionnel, 8\u00e8me \u00e9chelon, est nomm\u00e9 Charg\u00e9 de missions\u00a0;<br \/>\u2013 Monsieur Patrice Apahi\u00e9 NABIAS, Mle 130\u00a0228 N, Magistrat, grade exceptionnel, 2\u00e8me \u00e9chelon, est nomm\u00e9 Conseiller technique en remplacement de Monsieur Issa Abdul Jabbar Suuri MA\u00cfGA\u00a0;<br \/>\u2013 Monsieur Sompagnimdi Augustin SAWADOGO, Mle 130\u00a0392 P, Magistrat du 1er grade, 1er \u00e9chelon, est nomm\u00e9 Chef de d\u00e9partement des activit\u00e9s normatives au Secr\u00e9tariat permanent de la Commission nationale de l\u2019organisation pour l\u2019harmonisation en Afrique du droit des affaires (SP\/CONAHDA).<\/p>\n<p>C. AU TITRE DU MINISTERE DE LA SANTE<br \/>\u2013 Monsieur Gbenamblo Olivier SOSSA, Mle 333\u00a0971 W, Assistant \u00e0 l\u2019Universit\u00e9, cat\u00e9gorie PA, grade initial, 3\u00e8me \u00e9chelon, est nomm\u00e9 Charg\u00e9 de missions\u00a0;<br \/>\u2013 Monsieur Isa\u00efe MEDAH, Mle 41\u00a0048 P, cat\u00e9gorie P, \u00e9chelle A,\u00a0 \u00a0 \u00a0 \u00a0 \u00a0 \u00a0 \u00a0 \u00a0 1\u00e8re classe, 11\u00e8me \u00e9chelon, est nomm\u00e9 Directeur g\u00e9n\u00e9ral de la sant\u00e9 publique, cumulativement Responsable du\u00a0\u00ab\u00a0Programme sant\u00e9 publique (prestations des services de sant\u00e9)\u00a0\u00bb ;<br \/>\u2013 Monsieur Abdoulaye KOANDA, Mle 55\u00a0882 D, Pharmacien, cat\u00e9gorie PC, 8\u00e8me \u00e9chelon, est nomm\u00e9 cumulativement Directeur g\u00e9n\u00e9ral de l\u2019acc\u00e8s aux produits de sant\u00e9 et Responsable du \u00ab\u00a0Programme d\u2019acc\u00e8s aux produits de sant\u00e9\u00a0\u00bb ;<br \/>\u2013 Monsieur Mwinon\u00e8 Herv\u00e9 HIEN, Mle 95\u00a0876 W, M\u00e9decin charg\u00e9 de recherche en sant\u00e9 publique, cat\u00e9gorie P, grade interm\u00e9diaire, 1er \u00e9chelon, est nomm\u00e9 Directeur g\u00e9n\u00e9ral de l\u2019Institut national de sant\u00e9 publique (INSP)\u00a0;<br \/>\u2013 Madame Aminata Pagnimdebsom NACOULMA, Mle 257\u00a0378 N, Pharmacien sp\u00e9cialiste, cat\u00e9gorie PD, 4\u00e8me \u00e9chelon, est nomm\u00e9e Directrice g\u00e9n\u00e9rale de l\u2019Agence nationale de r\u00e9gulation pharmaceutique\u00a0;<br \/>\u2013 Monsieur Salam OUEDRAOGO, Mle 111\u00a0141 G, Administrateur des services financiers, 1\u00e8re classe, 6\u00e8me \u00e9chelon, est nomm\u00e9 Directeur de l\u2019administration des finances\u00a0;<br \/>\u2013 Monsieur Adama FOFANA, Mle 46\u00a0918 J, Conseiller de sant\u00e9, \u00a0 \u00a0 \u00a0 \u00a0 \u00a0 \u00a0 \u00a0 \u00a0 \u00a0 1\u00e8re classe, 6\u00e8me \u00e9chelon, est nomm\u00e9 Charg\u00e9 d\u2019\u00e9tudes.<\/p>\n<p>D. AU TITRE DU MINISTERE DE L\u2019ECONOMIE, DES FINANCES ET DU DEVELOPPEMENT<br \/>\u2013 Monsieur Adama BADOLO, Mle 34\u00a0825 X, Inspecteur des imp\u00f4ts, 1\u00e8re classe, 15\u00e8me \u00e9chelon, est nomm\u00e9 Directeur g\u00e9n\u00e9ral de l\u2019Ecole nationale des r\u00e9gies financi\u00e8res (ENAREF).<\/p>\n<p>E. AU TITRE DU MINISTERE DE L\u2019ENSEIGNEMENT SUPERIEUR, DE LA RECHERCHE SCIENTIFIQUE ET DE L\u2019INNOVATION<br \/>\u2013 Monsieur Todroudoua MALO, Mle 247\u00a0512 T, Conservateur d\u2019archives, 1\u00e8re classe, 3\u00e8me \u00e9chelon, est nomm\u00e9 Directeur des archives et de la documentation\u00a0;<br \/>\u2013 Madame Rasmata BAKYONO\/NABALOUM, Mle 58\u00a0505 Y, Psychologue, cat\u00e9gorie P, \u00e9chelle 3, 2\u00e8me \u00e9chelon, est nomm\u00e9e Directrice g\u00e9n\u00e9rale du Centre national des \u0153uvres universitaires (CENOU)\u00a0;<br \/>\u2013 Monsieur Moustapha DIALLO, Mle 220\u00a0307 N, Conseiller en sciences et techniques de l\u2019information et de la communication, \u00a0 \u00a0 \u00a0 \u00a0 \u00a0 \u00a0 \u00a0 1\u00e8re classe, 2\u00e8me \u00e9chelon, est nomm\u00e9 Directeur de la communication et de l\u2019information scientifique et technique de l\u2019Agence nationale de valorisation des r\u00e9sultats de la recherche (ANVAR).<\/p>\n<p>F. AU TITRE DU MINISTERE\u00a0 DE LA FEMME, DE LA SOLIDARITE NATIONALE, DE LA FAMILLE ET DE L\u2019ACTION HUMANITAIRE<br \/>\u2013 Monsieur Harouna KAFANDO, Mle 53\u00a0472 K, Inspecteur d\u2019\u00e9ducation sp\u00e9cialis\u00e9e, 1\u00e8re classe, 6\u00e8me \u00e9chelon, est nomm\u00e9 Secr\u00e9taire permanent du Conseil national multisectoriel pour la protection et la promotion des droits des personnes handicap\u00e9es (SP\/COMUD\/Handicap)\u00a0;<br \/>\u2013 Madame Ardioumbouga B. Poa KOUDOUGOU\/LANKOANDE, Gestionnaire de projets, est nomm\u00e9e Charg\u00e9 de missions\u00a0;<br \/>\u2013 Monsieur Ourob\u00e9 Eric COULIBALY, Mle 57\u00a0224 L, Administrateur des affaires sociales, 1\u00e8re classe, 5\u00e8me \u00e9chelon, est nomm\u00e9 Directeur de la coordination et de la promotion des services sociaux\u00a0;<br \/>\u2013 Madame Ma\u00efmouna ZOMA\/TRAORE, Mle 52\u00a0148 L, Inspecteur d\u2019\u00e9ducation sp\u00e9cialis\u00e9e, 1\u00e8re classe, 10\u00e8me \u00e9chelon, est nomm\u00e9e Responsable du \u00ab\u00a0Programme Solidarit\u00e9 nationale\u00a0\u00bb cumulativement avec ses fonctions de Directrice de la lutte contre les violences sur les enfants\u00a0;<br \/>\u2013 Monsieur Talardia NATAMA, Mle 92\u00a0522 X, Administrateur des affaires sociales, 1\u00e8re classe, 6\u00e8me \u00e9chelon, est nomm\u00e9 Directeur r\u00e9gional de la Femme, de la solidarit\u00e9 nationale, de la famille et de l\u2019action humanitaire\u00a0de l\u2019Est\u00a0;<br \/>\u2013 Monsieur Som\u00e8 SAGNON, Mle 53\u00a0477 E, Inspecteur d\u2019\u00e9ducation sp\u00e9cialis\u00e9e, 1\u00e8re classe, 5\u00e8me \u00e9chelon, est nomm\u00e9 Directeur r\u00e9gional de la Femme, de la solidarit\u00e9 nationale, de la famille et de l\u2019action humanitaire\u00a0du Centre\u00a0;<br \/>\u2013 Madame Mariam OUEDRAOGO, Mle 85\u00a0513 G, Inspecteur d\u2019\u00e9ducation sp\u00e9cialis\u00e9e, 1\u00e8re classe, 5\u00e8me \u00e9chelon, est nomm\u00e9e Directrice r\u00e9gionale de la Femme, de la solidarit\u00e9 nationale, de la famille et de l\u2019action humanitaire\u00a0du Plateau-Central\u00a0;<br \/>\u2013 Monsieur Elvis BAMBIO, Mle 85\u00a0570 V, Inspecteur d\u2019\u00e9ducation sp\u00e9cialis\u00e9e, 1\u00e8re classe, 3\u00e8me \u00e9chelon, est nomm\u00e9 Directeur provincial de la Femme, de la solidarit\u00e9 nationale, de la famille et de l\u2019action humanitaire\u00a0de la Kossi.<\/p>\n<p>G. AU TITRE DU MINISTERE DE LA JEUNESSE ET DE LA PROMOTION DE L\u2019ENTREPRENEURIAT DES JEUNES<br \/>\u2013 Monsieur Mahamadou OUEDRAOGO, Mle 111\u00a0088 G, Inspecteur du tr\u00e9sor, 1\u00e8re classe, 6\u00e8me \u00e9chelon, est nomm\u00e9 Secr\u00e9taire permanent de Youth connekt Burkina\u00a0;<br \/>\u2013 Monsieur Pengwend\u00e9 Etienne OUEDRAOGO, Mle 220\u00a0378 D, Conseiller de jeunesse et d\u2019\u00e9ducation permanente, 1\u00e8re classe,\u00a0 \u00a0 \u00a0 \u00a0 \u00a0 \u00a0 \u00a0 \u00a0 4\u00e8me \u00e9chelon, est nomm\u00e9 Chef de D\u00e9partement de la r\u00e9glementation, des titres de qualification professionnelle et des archives au Secr\u00e9tariat permanent de la Commission nationale de la certification (SP-CNC) ;<br \/>\u2013 Madame Chantal Nonguebzanga KY\/TAPSOBA, Mle 211\u00a0777 J, Conseiller de jeunesse et d\u2019\u00e9ducation permanente, 1\u00e8re classe,\u00a0 \u00a0 \u00a0 \u00a0 \u00a0 \u00a0 \u00a0 \u00a0 \u00a0 3\u00e8me \u00e9chelon, est nomm\u00e9e Chef de d\u00e9partement de la communication, du partenariat et de la prospective au Secr\u00e9tariat permanent de la Commission nationale de la certification (SP-CNC)\u00a0;<br \/>\u2013 Monsieur Seydou NIAMBA, Mle 220\u00a0381 Z, Conseiller de jeunesse et d\u2019\u00e9ducation permanente, 1\u00e8re classe, 5\u00e8me \u00e9chelon, est nomm\u00e9 Chef de d\u00e9partement de contr\u00f4le des comp\u00e9tences professionnelles et des statistiques au Secr\u00e9tariat permanent de la Commission nationale de la certification (SP-CNC)\u00a0;<br \/>\u2013 Monsieur Raoul BAYALA, Mle 220\u00a0380 S, Conseiller de jeunesse et d\u2019\u00e9ducation permanente, 1\u00e8re classe, 4\u00e8me \u00e9chelon, est nomm\u00e9 Chef de d\u00e9partement de la certification par habilitation et de la validation des acquis de l\u2019exp\u00e9rience\u00a0au Secr\u00e9tariat permanent de la Commission nationale de la certification (SP-CNC) ;<br \/>\u2013 Monsieur Romain KABORE, Mle 97\u00a0590 D, Conseiller de jeunesse et d\u2019\u00e9ducation permanente, 1\u00e8re classe, 5\u00e8me \u00e9chelon, est nomm\u00e9 Directeur du partenariat et du suivi des initiatives entrepreneuriales des jeunes\u00a0;<br \/>\u2013 Monsieur Mahamourou ZAN, Mle 97\u00a0587 B, Conseiller de jeunesse et d\u2019\u00e9ducation permanente, 1\u00e8re classe, 4\u00e8me \u00e9chelon, est nomm\u00e9 Directeur de l\u2019orientation et de la formation des jeunes \u00e0 l\u2019entrepreneuriat\u00a0;<br \/>\u2013 Madame Alimata SOUGUE, Mle 211\u00a0782 A, Conseiller de jeunesse et d\u2019\u00e9ducation permanente, 1\u00e8re classe, 3\u00e8me \u00e9chelon, est nomm\u00e9e Directrice de l\u2019autonomisation socio-\u00e9conomique des jeunes\u00a0;<br \/>\u2013 Monsieur Moumouni SALOUKA, Mle 54\u00a0565 T, Conseiller p\u00e9dagogique de l\u2019enseignement secondaire, grade 1, 12\u00e8me \u00e9chelon, est nomm\u00e9 Directeur du partenariat et de la reconversion professionnelle\u00a0;<br \/>\u2013 Monsieur Wendsomba Hermann COMPAORE, Mle 216\u00a0745 M, Conseiller en emploi et en formation professionnelle, 1\u00e8re classe, \u00a0 \u00a0 \u00a0 \u00a0 \u00a0 5\u00e8me \u00e9chelon, est nomm\u00e9 Directeur de l\u2019ing\u00e9nierie et des normes de la formation professionnelle\u00a0;<br \/>\u2013 Monsieur Boukary ZANGO, Mle 212\u00a0270 F, Conseiller en emploi et en formation professionnelle, 1\u00e8re classe, 4\u00e8me \u00e9chelon, est nomm\u00e9 Directeur de la structuration de l\u2019apprentissage et de la formation professionnelle.<\/p>\n<p>H. AU TITRE DU MINISTERE DES DROITS HUMAINS ET DE LA PROMOTION CIVIQUE<br \/>\u2013 Monsieur Bertin NYAMBA, Mle 104\u00a0298 T, Administrateur des services financiers, 1\u00e8re classe, 7\u00e8me \u00e9chelon, est nomm\u00e9 Responsable du \u00ab\u00a0Programme Pilotage et Soutien\u00a0\u00bb cumulativement avec ses fonctions de Directeur g\u00e9n\u00e9ral des \u00e9tudes et des statistiques sectorielles\u00a0;<br \/>\u2013 Monsieur Christian NABALMA, Mle 200\u00a0414 M, Conseiller en droits humains, 1\u00e8re classe, 4\u00e8me \u00e9chelon, est nomm\u00e9 Charg\u00e9 d\u2019\u00e9tudes\u00a0;<br \/>\u2013 Monsieur Olivier KABRE, Mle 238\u00a0559 F, Conseiller en droits humains, 1\u00e8re classe, 3\u00e8me \u00e9chelon, est nomm\u00e9 Charg\u00e9 d\u2019\u00e9tudes\u00a0;<br \/>\u2013 Monsieur Aboudou Razak GOROU, Mle 247\u00a0265 G, Conservateur d\u2019archives, 1\u00e8re classe, 3\u00e8me \u00e9chelon, est nomm\u00e9 Directeur des archives et de la Documentation.<\/p>\n<p>III.2. SANCTION<\/p>\n<p>AU TITRE DU MINISTERE DE LA FONCTION PUBLIQUE, DU TRAVAIL ET DE LA PROTECTION SOCIALE<br \/>Monsieur Souleymane\u00a0 ZOROME, Mle 200\u00a0503 W, Conseiller en gestion des ressources humaines, est relev\u00e9 de ses fonctions de Directeur de l\u2019organisation des concours \u00e0 l\u2019Agence g\u00e9n\u00e9rale de recrutement de l\u2019Etat (AGRE).<\/p>\n<p>III.3. NOMINATIONS DANS LES CONSEILS D\u2019ADMINISTRATION<br \/>Le Conseil a proc\u00e9d\u00e9 \u00e0 la nomination d\u2019Administrateurs au Conseil d\u2019administration\u00a0:<br \/>\u2013 de la Caisse autonome de retraite des fonctionnaires (CARFO) au titre du minist\u00e8re de la Fonction publique, du travail et de la protection sociale\u00a0;<br \/>\u2013 de l\u2019Agence nationale d\u2019encadrement des exploitations mini\u00e8res artisanales et semi m\u00e9canis\u00e9es (ANEEMAS) au titre du minist\u00e8re des Mines et des carri\u00e8res.<br \/>La liste de ces nominations sera publi\u00e9e dans le Journal Officiel du Burkina Faso.<\/p>\n<p>III.3. NOMINATIONS DANS LES CONSEILS D\u2019ADMINISTRATION<br \/>A. MINISTERE DE LA FONCTION PUBLIQUE, DU TRAVAIL ET DE LA PROTECTION SOCIALE<br \/>Le Conseil a adopt\u00e9 un d\u00e9cret portant nomination de Monsieur Lin SOMDA, Mle 51\u00a0325 K, Administrateur des h\u00f4pitaux et des services de sant\u00e9, Administrateur repr\u00e9sentant l\u2019Etat, au titre du minist\u00e8re de la Sant\u00e9, au Conseil d\u2019administration de la Caisse autonome de retraite des fonctionnaires (CARFO), pour un premier mandat de trois (03) ans.<\/p>\n<p>B. MINISTERE DES MINES ET DES CARRIERES<br \/>Le Conseil a adopt\u00e9 un d\u00e9cret portant nomination de Monsieur Sampana J\u00e9r\u00f4me LOUGOUDIE, Mle 22\u00a0797 L, Commissaire divisionnaire de police, Administrateur repr\u00e9sentant l\u2019Etat, au titre du minist\u00e8re de la S\u00e9curit\u00e9 au Conseil d\u2019administration de l\u2019Agence nationale d\u2019encadrement des exploitations mini\u00e8res artisanales et semi m\u00e9canis\u00e9es (ANEEMAS), pour un premier mandat de trois (03) ans.<\/p>\n<p>Le Ministre de la Communication et<br \/>des Relations avec le Parlement,<br \/>Porte-parole du gouvernement,<br \/>R\u00e9mis Fulgance DANDJINOU<br \/>Officier de l\u2019ordre national<\/p>\n<div class=\"td-a-rec td-a-rec-id-content_bottom td_uid_30_5d3af7c7e4a13_rand td_block_template_1\"><img loading=\"lazy\" decoding=\"async\" class=\"aligncenter size-full wp-image-9623\" src=\"https:\/\/www.sidwaya.info\/wp-content\/uploads\/2019\/06\/Projet-bannie%CC%80re-Orange-mobile.jpg\" alt=\"\" width=\"728\" height=\"81\"\/><\/div>\n<p>Auteur: BM. Sidwaya<br \/>\n<a href=\"https:\/\/www.sidwaya.info\/blog\/2019\/07\/26\/le-redeploiement-au-menapln-autorise\/\">Cliquez ici pour lire l&rsquo;article depuis sa source.<\/a><\/p>\n","protected":false},"excerpt":{"rendered":"<p>Le Conseil des ministres s\u2019est tenu \u00e0 Ouagadougou,\u00a0le jeudi 25 juillet 2019,\u00a0en s\u00e9ance ordinaire, de 09 H 30 mn \u00e0 16 H 30 mn,\u00a0sous la pr\u00e9sidence de\u00a0Son Excellence Monsieur Roch Marc Christian KABORE,\u00a0Pr\u00e9sident du Faso, Pr\u00e9sident du Conseil des ministres. Il a d\u00e9lib\u00e9r\u00e9 sur les dossiers inscrits \u00e0 son ordre du jour,\u00a0entendu des communications orales,\u00a0proc\u00e9d\u00e9 [&hellip;]<\/p>\n","protected":false},"author":1816,"featured_media":48642,"comment_status":"closed","ping_status":"closed","sticky":false,"template":"","format":"standard","meta":{"fifu_image_url":"","fifu_image_alt":"","footnotes":""},"categories":[73,81],"tags":[],"class_list":["post-48639","post","type-post","status-publish","format-standard","has-post-thumbnail","hentry","category-actualite","category-burkina-faso"],"_links":{"self":[{"href":"https:\/\/linitiative.ca\/International\/wp-json\/wp\/v2\/posts\/48639","targetHints":{"allow":["GET"]}}],"collection":[{"href":"https:\/\/linitiative.ca\/International\/wp-json\/wp\/v2\/posts"}],"about":[{"href":"https:\/\/linitiative.ca\/International\/wp-json\/wp\/v2\/types\/post"}],"author":[{"embeddable":true,"href":"https:\/\/linitiative.ca\/International\/wp-json\/wp\/v2\/users\/1816"}],"replies":[{"embeddable":true,"href":"https:\/\/linitiative.ca\/International\/wp-json\/wp\/v2\/comments?post=48639"}],"version-history":[{"count":0,"href":"https:\/\/linitiative.ca\/International\/wp-json\/wp\/v2\/posts\/48639\/revisions"}],"wp:featuredmedia":[{"embeddable":true,"href":"https:\/\/linitiative.ca\/International\/wp-json\/"}],"wp:attachment":[{"href":"https:\/\/linitiative.ca\/International\/wp-json\/wp\/v2\/media?parent=48639"}],"wp:term":[{"taxonomy":"category","embeddable":true,"href":"https:\/\/linitiative.ca\/International\/wp-json\/wp\/v2\/categories?post=48639"},{"taxonomy":"post_tag","embeddable":true,"href":"https:\/\/linitiative.ca\/International\/wp-json\/wp\/v2\/tags?post=48639"}],"curies":[{"name":"wp","href":"https:\/\/api.w.org\/{rel}","templated":true}]}}