{"id":48640,"date":"2019-07-26T07:34:36","date_gmt":"2019-07-26T11:34:36","guid":{"rendered":"https:\/\/linitiative.ca\/International\/fievre-aphteuse-pres-de-19-millions-de-tetes-de-betail-vaccinees\/"},"modified":"2019-07-26T07:34:36","modified_gmt":"2019-07-26T11:34:36","slug":"fievre-aphteuse-pres-de-19-millions-de-tetes-de-betail-vaccinees","status":"publish","type":"post","link":"https:\/\/linitiative.ca\/International\/fievre-aphteuse-pres-de-19-millions-de-tetes-de-betail-vaccinees\/","title":{"rendered":"Fi\u00e8vre aphteuse : Pr\u00e8s de 19 millions de t\u00eates de b\u00e9tail vaccin\u00e9es"},"content":{"rendered":"<header>\n<div class=\"entry-post-meta\">\n<div class=\"author-link\">Publi\u00e9 par <a itemprop=\"author\" itemscope=\"\" itemtype=\"https:\/\/schema.org\/Person\" href=\"http:\/\/aujourdhui.ma\/profile\/kaid\" rel=\"author\"><span itemprop=\"name\">ALM<\/span><\/a><\/div>\n<p>Date\u00a0:<time content=\"2019-07-26T12:34:36+00:00\" class=\"entry-date updated\" datetime=\"2019-07-26T12:34:36+00:00\">juillet 26, 2019<\/time><\/p>\n<div class=\"entry-cat\">dans:<a href=\"http:\/\/aujourdhui.ma\/category\/societe\" rel=\"category tag\">Soci\u00e9t\u00e9<\/a><\/div>\n<p>0 Vues<\/p>\n<\/div>\n<\/header>\n<div class=\"entry-content clearfix\" readability=\"49\"><img decoding=\"async\" class=\"post_layout_5_img\" src=\"http:\/\/aujourdhui.ma\/wp-content\/uploads\/2019\/07\/ONSSA-Vaccin-Fie%CC%80vre-aphteuse.jpg?x29840\" alt=\"Fi\u00e8vre aphteuse : Pr\u00e8s de 19 millions de t\u00eates de b\u00e9tail vaccin\u00e9es\"\/><\/p>\n<p class=\"p1\"><strong><span class=\"c4\"><em>L\u2019ONSSA dresse le bilan de la campagne du 17 juin au 23 juillet\u00a0<\/em><\/span><\/strong><span id=\"more-315884\"\/><\/p>\n<p class=\"p1\"><span class=\"s1\">La campagne de vaccination contre la fi\u00e8vre aphteuse va bon train. Depuis son lancement le 17 juin dernier jusqu\u2019au 23 juillet, plus de 17 millions de t\u00eates ovines et caprines ont \u00e9t\u00e9 vaccin\u00e9es. Dans un communiqu\u00e9, l\u2019Office national de s\u00e9curit\u00e9 sanitaire des produits alimentaires (ONSSA) pr\u00e9cise que cette campagne a permis la vaccination de 1.195.268 t\u00eates de bovins et 17.744.573 t\u00eates d\u2019ovins et de caprins. Cette op\u00e9ration se poursuit pour couvrir l\u2019ensemble du cheptel de bovin national estim\u00e9 \u00e0 3 millions de t\u00eates, ainsi que le cheptel national ovin et caprin estim\u00e9 \u00e0 25 millions de t\u00eates. L\u2019ONSSA rassure les citoyens en signalant que l\u2019\u00e9tat sanitaire du cheptel est globalement satisfaisant. L\u2019Office invite l\u2019ensemble des \u00e9leveurs \u00e0 participer \u00e0 cette campagne r\u00e9alis\u00e9e par les v\u00e9t\u00e9rinaires priv\u00e9s mandat\u00e9s (VSM) et les services v\u00e9t\u00e9rinaires de l\u2019ONSSA. Il n\u2019est pas inutile de rappeler que la vaccination est gratuite, l\u2019Office prend en charge l\u2019acquisition des vaccins et les honoraires des v\u00e9t\u00e9rinaires priv\u00e9s.<\/span><\/p>\n<p class=\"p1\"><span class=\"s1\">D\u2019ailleurs depuis 2014, l\u2019ONSSA m\u00e8ne gratuitement des campagnes annuelles de vaccination pour prot\u00e9ger le cheptel national. Il est \u00e0 pr\u00e9ciser que la derni\u00e8re campagne de vaccination contre la fi\u00e8vre aphteuse bovine r\u00e9alis\u00e9e par l\u2019ONSSA depuis le mois de janvier jusqu\u2019au mois d\u2019avril 2019 avait permis d\u2019immuniser pr\u00e8s de 3 millions de t\u00eates bovines au niveau national. Pour rappel, l\u2019Office a pris cette ann\u00e9e plusieurs mesures importantes pour circonscrire et \u00e9liminer ces foyers et \u00e9viter la propagation de la maladie. Parmi celles-ci figurent le nettoyage et la d\u00e9sinfection des exploitations, le respect des mesures de la bios\u00e9curit\u00e9 des personnes entrantes et sortantes ainsi que l\u2019abattage et la destruction des bovins infect\u00e9s et les autres animaux sensibles \u00e0 cette maladie dans l\u2019exploitation concern\u00e9e.<\/span><\/p>\n<\/div>\n<p>Auteur: ALM<br \/>\n<a href=\"http:\/\/aujourdhui.ma\/societe\/fievre-aphteuse-pres-de-19-millions-de-tetes-de-betail-vaccinees\">Cliquez ici pour lire l&rsquo;article depuis sa source.<\/a><\/p>\n","protected":false},"excerpt":{"rendered":"<p>Publi\u00e9 par ALM Date\u00a0:juillet 26, 2019 dans:Soci\u00e9t\u00e9 0 Vues L\u2019ONSSA dresse le bilan de la campagne du 17 juin au 23 juillet\u00a0 La campagne de vaccination contre la fi\u00e8vre aphteuse va bon train. Depuis son lancement le 17 juin dernier jusqu\u2019au 23 juillet, plus de 17 millions de t\u00eates ovines et caprines ont \u00e9t\u00e9 vaccin\u00e9es. [&hellip;]<\/p>\n","protected":false},"author":1759,"featured_media":0,"comment_status":"closed","ping_status":"closed","sticky":false,"template":"","format":"standard","meta":{"fifu_image_url":"","fifu_image_alt":"","footnotes":""},"categories":[73,54],"tags":[],"class_list":["post-48640","post","type-post","status-publish","format-standard","hentry","category-actualite","category-maroc"],"_links":{"self":[{"href":"https:\/\/linitiative.ca\/International\/wp-json\/wp\/v2\/posts\/48640","targetHints":{"allow":["GET"]}}],"collection":[{"href":"https:\/\/linitiative.ca\/International\/wp-json\/wp\/v2\/posts"}],"about":[{"href":"https:\/\/linitiative.ca\/International\/wp-json\/wp\/v2\/types\/post"}],"author":[{"embeddable":true,"href":"https:\/\/linitiative.ca\/International\/wp-json\/wp\/v2\/users\/1759"}],"replies":[{"embeddable":true,"href":"https:\/\/linitiative.ca\/International\/wp-json\/wp\/v2\/comments?post=48640"}],"version-history":[{"count":0,"href":"https:\/\/linitiative.ca\/International\/wp-json\/wp\/v2\/posts\/48640\/revisions"}],"wp:attachment":[{"href":"https:\/\/linitiative.ca\/International\/wp-json\/wp\/v2\/media?parent=48640"}],"wp:term":[{"taxonomy":"category","embeddable":true,"href":"https:\/\/linitiative.ca\/International\/wp-json\/wp\/v2\/categories?post=48640"},{"taxonomy":"post_tag","embeddable":true,"href":"https:\/\/linitiative.ca\/International\/wp-json\/wp\/v2\/tags?post=48640"}],"curies":[{"name":"wp","href":"https:\/\/api.w.org\/{rel}","templated":true}]}}