{"id":48641,"date":"2019-07-26T06:45:00","date_gmt":"2019-07-26T10:45:00","guid":{"rendered":"https:\/\/linitiative.ca\/International\/festival-international-difrane-la-fete-le-sport-et-les-debats-continuent\/"},"modified":"2019-07-26T06:45:00","modified_gmt":"2019-07-26T10:45:00","slug":"festival-international-difrane-la-fete-le-sport-et-les-debats-continuent","status":"publish","type":"post","link":"https:\/\/linitiative.ca\/International\/festival-international-difrane-la-fete-le-sport-et-les-debats-continuent\/","title":{"rendered":"Festival international d\u2019Ifrane: La f\u00eate, le sport et les d\u00e9bats\u2026 continuent"},"content":{"rendered":"<div readability=\"39\">\n<p>P\u00eache, chasse, basket\u2026 des tournois et des troph\u00e9es au quotidien<\/p>\n<p>Pr\u00e8s de 60.000 festivaliers chaque soir jusqu\u2019au 27 juillet<\/p>\n<p>Dounia Batma, Hatim Ammor et Majid El Mohandis au menu<\/p>\n<\/div>\n<div readability=\"118.5\">\n<div class=\"dnd-atom-wrapper type-image context-sdl_editor_representation\" contenteditable=\"false\" readability=\"32.5\">\n<div class=\"dnd-drop-wrapper image\"><img loading=\"lazy\" decoding=\"async\" typeof=\"foaf:Image\" class=\"img-responsive\" src=\"https:\/\/mobile.leconomiste.com\/sites\/default\/files\/eco7\/public\/thumbnails\/image\/festival_international_difrane_064.jpg\" width=\"800\" height=\"344\" alt=\"festival_international_difrane_064.jpg\" title=\"festival_international_difrane_064.jpg\"\/><\/div>\n<div class=\"dnd-legend-wrapper\" contenteditable=\"true\" readability=\"10\">\n<p class=\"rtejustify\">Pas moins de 60.000 festivaliers suivent tous les soirs les spectacles de la sc\u00e8ne Taj. Et la plus grosse affluence est attendue pour les prestations de Dounia Batma, Hatim Ammor et Majid Al Mohandis\u2026 Des activit\u00e9s sportives sont \u00e9galement au menu <u>(Ph FIICC)<\/u><\/p>\n<\/div>\n<\/div>\n<p class=\"rtejustify\">La petite Suisse marocaine continue de vibrer aux rythmes de son festival international \u00abchants des c\u00e8dres\u00bb (FIICC), \u00e9v\u00e9nement qui enregistre une forte affluence. Ses diff\u00e9rentes activit\u00e9s re\u00e7oivent quotidiennement un public assoiff\u00e9 de culture, sport et musique.<\/p>\n<p class=\"rtejustify\">Pour le premier volet, la conf\u00e9rence sur \u00abla c\u00e9draie de l\u2019Atlas\u00bb a esquiss\u00e9 les potentialit\u00e9s, contraintes et strat\u00e9gie de gestion et de pr\u00e9servation de cet arbre embl\u00e9matique. Unanimes, les intervenants ont soulign\u00e9 \u00abl\u2019importance de la classification du c\u00e8dre de l\u2019Atlas, par l\u2019Unesco, dans le R\u00e9seau mondial des r\u00e9serves de biosph\u00e8re\u00bb. Cela fait plusieurs ann\u00e9es que le c\u00e8dre de l\u2019Atlas est en danger. En 2011 d\u00e9j\u00e0, les associations tiraient la sonnette d\u2019alarme quant \u00e0 l\u2019abattage clandestin de cet arbre.<\/p>\n<p class=\"rtejustify\">En 2013, l\u2019Union internationale pour la conservation de la nature l\u2019a introduit dans sa liste rouge des esp\u00e8ces en voie de disparition. Deux ans plus tard (2015), le Haut-Commissariat aux Eaux et for\u00eats et les ONG avertissaient \u00e0 leur tour quant \u00e0 la menace que repr\u00e9sente le r\u00e9chauffement climatique pour le c\u00e8dre.<\/p>\n<p class=\"rtejustify\">D\u2019ailleurs, la neige, s\u2019\u00e9tant faite rare cette ann\u00e9e, a beaucoup affect\u00e9 les plantations et l\u2019ensemble de l\u2019\u00e9cosyst\u00e8me, notamment le lac Dayet Awa, aujourd\u2019hui compl\u00e8tement ass\u00e9ch\u00e9. Aussi, le forum du Festival d\u2019Ifrane est l\u2019occasion de remettre en selle l\u2019importance de l\u2019eau pour la pr\u00e9servation de la richesse des \u00e9cosyst\u00e8mes de la r\u00e9gion. De l\u2019avis des participants, la diversit\u00e9 des activit\u00e9s qui y sont men\u00e9es engendrent une forte pression sur les ressources en eau: plantation d\u2019arbres fruitiers, agriculture moderne, tourisme\u2026<\/p>\n<p class=\"rtejustify\">Par ailleurs, concernant le volet sportif, la 4e \u00e9dition du FIICC a programm\u00e9 des comp\u00e9titions de p\u00eache de la truite aux app\u00e2ts, un tournoi de basket 3X3, du cross, et un concours du tir au plateau. Pr\u00e9vue le 27 juillet, cette comp\u00e9tition repr\u00e9sente un exercice d\u2019adresse, d\u2019entra\u00eenement \u00e0 la chasse. Elle est pratiqu\u00e9e comme activit\u00e9 sportive, consistant \u00e0 abattre au fusil des plateaux constitu\u00e9s d\u2019un m\u00e9lange de brai de p\u00e9trole et d\u2019un filler calcaire projet\u00e9s en l\u2019air.<\/p>\n<div class=\"dnd-atom-wrapper type-image context-sdl_editor_representation\" contenteditable=\"false\" readability=\"34.5\">\n<div class=\"dnd-drop-wrapper image\"><img loading=\"lazy\" decoding=\"async\" typeof=\"foaf:Image\" class=\"img-responsive\" src=\"https:\/\/mobile.leconomiste.com\/sites\/default\/files\/eco7\/public\/thumbnails\/image\/peche-de-la-truite-aux-appats-064.jpg\" width=\"660\" height=\"330\" alt=\"peche-de-la-truite-aux-appats-064.jpg\" title=\"peche-de-la-truite-aux-appats-064.jpg\"\/><\/div>\n<div class=\"dnd-legend-wrapper\" contenteditable=\"true\" readability=\"14\">\n<p class=\"rtejustify\">La 4e \u00e9dition du FIICC a programm\u00e9 des comp\u00e9titions de p\u00eache de la truite aux app\u00e2ts, un tournoi de basket 3X3, du cross, et un concours du tir au plateau. Pr\u00e9vue le 27 juillet, cette comp\u00e9tition repr\u00e9sente un exercice d\u2019adresse, d\u2019entra\u00eenement \u00e0 la chasse <em>(Ph. YSA)<\/em><\/p>\n<\/div>\n<\/div>\n<p class=\"rtejustify\">Pour cette \u00e9dition, une cinquantaine de tireurs vont disputer le tir sur le beau plateau de Tarmilate (vers la station de ski Michlifen). S\u2019agissant du basket-ball \u00e0 trois, le tournoi d\u2019Ifrane se joue sur trois jours (du 23 au 25 juillet). Au total, 8 \u00e9quipes masculines et 8 \u00e9quipes f\u00e9minines s\u2019affrontent en plein air sur la place Al-qods pour remporter le titre 2019. Un concours de tir \u00e0 trois points est organis\u00e9 en parall\u00e8le.<\/p>\n<p class=\"rtejustify\">A noter \u00e0 cet \u00e9gard, l\u2019int\u00e9r\u00eat grandissant de la jeune population d\u2019Ifrane pour le sport NBA. \u00abGr\u00e2ce \u00e0 Younes Sadki, pr\u00e9sident du festival, plusieurs jeunes jouissent d\u2019un encadrement idoine en basket-ball et golf. L\u2019ambition \u00e9tant de former des futurs sportifs de haut niveau\u00bb, t\u00e9moigne un responsable de la province. Un autre ajoute que \u00abla formation men\u00e9e par Sadki est suivie de plus pr\u00e8s par de hauts responsables de l\u2019Etat\u00bb. Ce dernier regrette enfin le d\u00e9part de Sadki de l\u2019h\u00f4tel Michlifen, d\u00e9cid\u00e9 quelques jours seulement avant le d\u00e9but du festival.<\/p>\n<p class=\"rtejustify\">\u00abC\u2019est une grosse perte pour l\u2019unique h\u00f4tel 5 \u00e9toiles de la ville mais aussi pour Ifrane o\u00f9 ce responsable a pr\u00e9sid\u00e9 aux destin\u00e9es de l\u2019Association Forum Ifrane, Culture et D\u00e9veloppement (AFICED), initiatrice du festival, depuis sa cr\u00e9ation en 2016\u00bb, conclut-il.<\/p>\n<blockquote readability=\"20\">\n<p class=\"rtecenter\"><strong><span class=\"c6\">Les concerts battent tous les records<\/span><\/strong><\/p>\n<p class=\"rtejustify\">Les spectacles de la sc\u00e8ne Taj battent tous les records. En fait, chaque soir, entre 50.000 et 60.000 festivaliers r\u00e9pondent pr\u00e9sents. Signalons que les artistes berb\u00e8res drainent la masse, constate L\u2019Economiste. C\u2019\u00e9tait le cas d\u2019ailleurs lors du spectacle d\u2019Ahouzar et Mehdi Mouzayine lundi. Pour leur part, Mimoune Ourahou et Fatim Zahra Laaroussi n\u2019ont pas d\u00e9m\u00e9rit\u00e9 le lendemain. Sami Ray et Dounia Batma, devaient, eux, se produire hier mercredi. Par ailleurs, d\u00e8s aujourd\u2019hui, la sc\u00e8ne \u00abArz Biladi\u00bb retrouvera son public. Les soir\u00e9es musicales d\u00e9buteront par la soir\u00e9e NRJ Music Tour, connue pour \u00eatre un m\u00e9lange de genres. L\u2019on retiendra ainsi la participation tr\u00e8s attendue de L\u2019Alg\u00e9rino. La sc\u00e8ne d\u2019Arz Biladi accueillera \u00e9galement la star de la pop marocaine le chanteur Hatim Ammor et\u00a0 le chanteur et compositeur irakien Majid Al Mohandis le vendredi 26 juillet. L\u2019\u00e9v\u00e9nement prendra fin le 27 juillet par un spectacle r\u00e9unissant le jeune talent Zouhair Bahaoui et le chanteur fran\u00e7ais d\u2019origine catalane Kendji Girac.<\/p>\n<\/blockquote>\n<p class=\"rtejustify\"><em>De notre correspondant permanent, Y.S.A.<\/em><\/p>\n<\/div>\n<p>Auteur: hlafriqi<br \/>\n<a href=\"https:\/\/www.leconomiste.com\/article\/1048303-festival-international-d-ifrane-la-fete-le-sport-et-les-debats-continuent\">Cliquez ici pour lire l&rsquo;article depuis sa source.<\/a><\/p>\n","protected":false},"excerpt":{"rendered":"<p>P\u00eache, chasse, basket\u2026 des tournois et des troph\u00e9es au quotidien Pr\u00e8s de 60.000 festivaliers chaque soir jusqu\u2019au 27 juillet Dounia Batma, Hatim Ammor et Majid El Mohandis au menu Pas moins de 60.000 festivaliers suivent tous les soirs les spectacles de la sc\u00e8ne Taj. Et la plus grosse affluence est attendue pour les prestations de [&hellip;]<\/p>\n","protected":false},"author":1763,"featured_media":48644,"comment_status":"closed","ping_status":"closed","sticky":false,"template":"","format":"standard","meta":{"fifu_image_url":"","fifu_image_alt":"","footnotes":""},"categories":[78,54],"tags":[],"class_list":["post-48641","post","type-post","status-publish","format-standard","has-post-thumbnail","hentry","category-economie","category-maroc"],"_links":{"self":[{"href":"https:\/\/linitiative.ca\/International\/wp-json\/wp\/v2\/posts\/48641","targetHints":{"allow":["GET"]}}],"collection":[{"href":"https:\/\/linitiative.ca\/International\/wp-json\/wp\/v2\/posts"}],"about":[{"href":"https:\/\/linitiative.ca\/International\/wp-json\/wp\/v2\/types\/post"}],"author":[{"embeddable":true,"href":"https:\/\/linitiative.ca\/International\/wp-json\/wp\/v2\/users\/1763"}],"replies":[{"embeddable":true,"href":"https:\/\/linitiative.ca\/International\/wp-json\/wp\/v2\/comments?post=48641"}],"version-history":[{"count":0,"href":"https:\/\/linitiative.ca\/International\/wp-json\/wp\/v2\/posts\/48641\/revisions"}],"wp:featuredmedia":[{"embeddable":true,"href":"https:\/\/linitiative.ca\/International\/wp-json\/"}],"wp:attachment":[{"href":"https:\/\/linitiative.ca\/International\/wp-json\/wp\/v2\/media?parent=48641"}],"wp:term":[{"taxonomy":"category","embeddable":true,"href":"https:\/\/linitiative.ca\/International\/wp-json\/wp\/v2\/categories?post=48641"},{"taxonomy":"post_tag","embeddable":true,"href":"https:\/\/linitiative.ca\/International\/wp-json\/wp\/v2\/tags?post=48641"}],"curies":[{"name":"wp","href":"https:\/\/api.w.org\/{rel}","templated":true}]}}