{"id":48649,"date":"2019-07-26T08:00:58","date_gmt":"2019-07-26T12:00:58","guid":{"rendered":"https:\/\/linitiative.ca\/International\/coupe-du-monde-2022-zone-afrique-tirage-au-sort-le-29-juillet\/"},"modified":"2019-07-26T08:00:58","modified_gmt":"2019-07-26T12:00:58","slug":"coupe-du-monde-2022-zone-afrique-tirage-au-sort-le-29-juillet","status":"publish","type":"post","link":"https:\/\/linitiative.ca\/International\/coupe-du-monde-2022-zone-afrique-tirage-au-sort-le-29-juillet\/","title":{"rendered":"Coupe du monde 2022 (zone Afrique) : Tirage au sort le 29 juillet"},"content":{"rendered":"<header>\n<div class=\"entry-post-meta\">\n<div class=\"author-link\">Publi\u00e9 par <a itemprop=\"author\" itemscope=\"\" itemtype=\"https:\/\/schema.org\/Person\" href=\"http:\/\/aujourdhui.ma\/profile\/kaid\" rel=\"author\"><span itemprop=\"name\">ALM<\/span><\/a><\/div>\n<p>Date\u00a0:<time content=\"2019-07-26T13:00:58+00:00\" class=\"entry-date updated\" datetime=\"2019-07-26T13:00:58+00:00\">juillet 26, 2019<\/time><\/p>\n<div class=\"entry-cat\">dans:<a href=\"http:\/\/aujourdhui.ma\/category\/sports\" rel=\"category tag\">Sports<\/a><\/div>\n<p>0 Vues<\/p>\n<\/div>\n<\/header>\n<div class=\"entry-content clearfix\" readability=\"41\"><img decoding=\"async\" class=\"post_layout_5_img\" src=\"http:\/\/aujourdhui.ma\/wp-content\/uploads\/2019\/07\/Qatar-fifa-world-cup-2022.jpg?x29840\" alt=\"Coupe du monde 2022 (zone Afrique) : Tirage au sort le 29 juillet\"\/><\/p>\n<p class=\"p1\"><span class=\"s1\"><span class=\"c4\"><strong>La Conf\u00e9d\u00e9ration africaine de football (CAF) a annonc\u00e9, mardi 23 juillet, que le tirage au sort des \u00e9liminatoires de la Coupe du monde 2022 pour la zone Afrique aura lieu le 29 juillet 2019 au Caire.<\/strong><\/span><\/span> <span id=\"more-315899\"\/><\/p>\n<p class=\"p1\"><span class=\"s1\">Ces \u00e9liminatoires vont se d\u00e9rouler en trois tours. L\u2019Alg\u00e9rie (championne d\u2019Afrique) entrera en lice au second tour et sera vers\u00e9e dans l\u2019un des 10 groupes de quatre \u00e9quipes. Il faudra terminer 1er de l\u2019un des dix groupes pour pouvoir acc\u00e9der au 3e tour. A ce niveau les \u00e9quipes qualifi\u00e9es s\u2019affronteront en matches aller-retour \u00e0 \u00e9limination directe pour d\u00e9signer les cinq pays africains qui iront au Qatar. La campagne des \u00e9liminatoires du mondial 2022 est pr\u00e9vue du 21 novembre au 18 d\u00e9cembre.<\/span><\/p>\n<\/div>\n<p>Auteur: ALM<br \/>\n<a href=\"http:\/\/aujourdhui.ma\/sports\/coupe-du-monde-2022-zone-afrique-tirage-au-sort-le-29-juillet\">Cliquez ici pour lire l&rsquo;article depuis sa source.<\/a><\/p>\n","protected":false},"excerpt":{"rendered":"<p>Publi\u00e9 par ALM Date\u00a0:juillet 26, 2019 dans:Sports 0 Vues La Conf\u00e9d\u00e9ration africaine de football (CAF) a annonc\u00e9, mardi 23 juillet, que le tirage au sort des \u00e9liminatoires de la Coupe du monde 2022 pour la zone Afrique aura lieu le 29 juillet 2019 au Caire. Ces \u00e9liminatoires vont se d\u00e9rouler en trois tours. L\u2019Alg\u00e9rie (championne [&hellip;]<\/p>\n","protected":false},"author":1759,"featured_media":0,"comment_status":"closed","ping_status":"closed","sticky":false,"template":"","format":"standard","meta":{"fifu_image_url":"","fifu_image_alt":"","footnotes":""},"categories":[73,54],"tags":[],"class_list":["post-48649","post","type-post","status-publish","format-standard","hentry","category-actualite","category-maroc"],"_links":{"self":[{"href":"https:\/\/linitiative.ca\/International\/wp-json\/wp\/v2\/posts\/48649","targetHints":{"allow":["GET"]}}],"collection":[{"href":"https:\/\/linitiative.ca\/International\/wp-json\/wp\/v2\/posts"}],"about":[{"href":"https:\/\/linitiative.ca\/International\/wp-json\/wp\/v2\/types\/post"}],"author":[{"embeddable":true,"href":"https:\/\/linitiative.ca\/International\/wp-json\/wp\/v2\/users\/1759"}],"replies":[{"embeddable":true,"href":"https:\/\/linitiative.ca\/International\/wp-json\/wp\/v2\/comments?post=48649"}],"version-history":[{"count":0,"href":"https:\/\/linitiative.ca\/International\/wp-json\/wp\/v2\/posts\/48649\/revisions"}],"wp:attachment":[{"href":"https:\/\/linitiative.ca\/International\/wp-json\/wp\/v2\/media?parent=48649"}],"wp:term":[{"taxonomy":"category","embeddable":true,"href":"https:\/\/linitiative.ca\/International\/wp-json\/wp\/v2\/categories?post=48649"},{"taxonomy":"post_tag","embeddable":true,"href":"https:\/\/linitiative.ca\/International\/wp-json\/wp\/v2\/tags?post=48649"}],"curies":[{"name":"wp","href":"https:\/\/api.w.org\/{rel}","templated":true}]}}