{"id":48650,"date":"2019-07-26T07:00:00","date_gmt":"2019-07-26T11:00:00","guid":{"rendered":"https:\/\/linitiative.ca\/International\/brexit-boris-johnson-se-met-au-travail\/"},"modified":"2019-07-26T07:00:00","modified_gmt":"2019-07-26T11:00:00","slug":"brexit-boris-johnson-se-met-au-travail","status":"publish","type":"post","link":"https:\/\/linitiative.ca\/International\/brexit-boris-johnson-se-met-au-travail\/","title":{"rendered":"Brexit: Boris Johnson se met au travail"},"content":{"rendered":"<div readability=\"35\">\n<p>Sortie de l\u2019UE, incertitudes \u00e9conomiques\u2026 dossiers chauds<\/p>\n<p>Mise en garde du Parlement europ\u00e9en<\/p>\n<\/div>\n<div readability=\"78.5\">\n<p class=\"rtejustify\">Le jour de sa prise de fonction (24 juillet 2019), le Parlement euro\u00adp\u00e9en a mis en garde le nouveau Premier ministre britannique Boris Johnson contre les cons\u00e9quences \u00e9conomique\u00adment tr\u00e8s dommageables d&rsquo;un d\u00e9part du Royaume-Uni de l&rsquo;UE sans accord. Buc\u00adkingham Palace, puis Downing Street\u2026 Boris Johnson s\u2019attelle \u00e0 boucler la composition de son gouvernement. Voici quelques-unes des difficult\u00e9s qui l\u2019attendent:<\/p>\n<p class=\"rtejustify\"><strong>\u25a0 Ech\u00e9ance du 31 octobre:<\/strong> Boris Johnson a promis, et r\u00e9p\u00e9t\u00e9 d\u00e8s l&rsquo;annonce de sa victoire, qu&rsquo;il ferait sortir son pays de l&rsquo;UE au 31 octobre, \u00e9ch\u00e9ance du Brexit, initialement pr\u00e9vu le 29 mars mais deux fois repouss\u00e9. Et s&rsquo;il veut trouver une solu\u00adtion n\u00e9goci\u00e9e avec l&rsquo;UE, il est aussi pr\u00eat \u00e0 claquer la porte sans accord et n&rsquo;accep\u00adtera pas de nouveau report. Les dirigeants europ\u00e9ens sont pr\u00eats \u00e0 retravailler la d\u00e9cla\u00adration sur le nouveau partenariat entre le Royaume-Uni et l&rsquo;UE apr\u00e8s le Brexit. Mais ils s&rsquo;opposent fermement \u00e0 une r\u00e9ouverture de l&rsquo;Accord de retrait qui \u00e9tablit les condi\u00adtions du divorce, en particulier le contro\u00advers\u00e9 filet de s\u00e9curit\u00e9 (backstop) permettant d&rsquo;\u00e9viter le retour d&rsquo;une fronti\u00e8re physique entre l&rsquo;Irlande et la province britannique d&rsquo;Irlande du Nord apr\u00e8s le Brexit. Or, pour Boris Johnson, le filet de s\u00e9curit\u00e9 est inac\u00adceptable. Les positions des deux camps semblent pour l&rsquo;instant irr\u00e9conciliables.<\/p>\n<p class=\"rtejustify\"><strong>\u25a0 Courte majorit\u00e9 au Parlement:<\/strong> Le Parti conservateur de Boris Johnson compte 310 d\u00e9put\u00e9s, et b\u00e9n\u00e9ficie d&rsquo;une majorit\u00e9 de seulement deux voix gr\u00e2ce \u00e0 l&rsquo;appoint des dix d\u00e9put\u00e9s du petit parti unio\u00adniste nord-irlandais DUP. En outre, cette courte majorit\u00e9 est fragile, plusieurs d\u00e9pu\u00adt\u00e9s europhiles conservateurs ayant pr\u00e9venu qu&rsquo;ils s&rsquo;opposeraient \u00e0 un \u00abno deal\u00bb si le nouveau Premier ministre s&rsquo;engage dans cette direction. Aussi, le Labour, principal parti d&rsquo;opposition, pourrait d\u00e9cider de lan\u00adcer un vote de d\u00e9fiance contre le gouverne\u00adment, plus probablement apr\u00e8s les vacances parlementaires qui d\u00e9butent vendredi soir jusqu&rsquo;au 3 septembre. S&rsquo;ils l&#8217;emportent, cela d\u00e9clencherait des \u00e9lections l\u00e9gislatives anti\u00adcip\u00e9es qui pourraient renverser le rapport de forces et retarder le processus du Brexit.<\/p>\n<p class=\"rtejustify\"><strong>\u25a0 Risques \u00e9conomiques:<\/strong> Le Royaume-Uni devrait entrer en r\u00e9cession en cas de Brexit sans accord, a annonc\u00e9 l&rsquo;Office de responsabilit\u00e9 budg\u00e9taire (OBR). Selon ses pr\u00e9visions, la livre sterling chuterait de 10% imm\u00e9diatement apr\u00e8s le d\u00e9part britannique de l&rsquo;UE le 31 octobre dans ce sc\u00e9nario sans accord. Une situation pr\u00e9dite aussi par le groupe de r\u00e9flexion National Institute of Economic and Social Research (NIESR), qui attend un ralentissement en cas de no deal, une chute de la livre d&rsquo;environ 10% et une inflation qui pourrait s&rsquo;\u00e9lever \u00e0 4,1%.<\/p>\n<blockquote readability=\"14\">\n<p class=\"rtecenter\"><strong><span class=\"c6\">Des relations tendues avec l\u2019Iran<\/span><\/strong><\/p>\n<p class=\"rtejustify\">Boris Johnson arrive au pouvoir au moment o\u00f9 les relations entre T\u00e9h\u00e9ran et Londres sont particuli\u00e8rement tendues. Et ce, apr\u00e8s la saisie par l&rsquo;Iran du Stena Impero, p\u00e9trolier su\u00e9dois battant pavillon britannique, quelques jours apr\u00e8s l&rsquo;arraisonnement d&rsquo;un navire-citerne iranien par les autorit\u00e9s britanniques au large de Gibraltar. Le ministre des Affaires \u00e9trang\u00e8res iranien Mohamad Javad Zarif a f\u00e9licit\u00e9 Boris Johnson apr\u00e8s son \u00e9lection, mais l&rsquo;a pr\u00e9venu que l&rsquo;Iran comptait prot\u00e9ger ses eaux territoriales.<\/p>\n<\/blockquote>\n<p class=\"rtejustify\"><em>F. Z. T. avec agences<\/em><\/p>\n<\/div>\n<p>Auteur: hlafriqi<br \/>\n<a href=\"https:\/\/www.leconomiste.com\/article\/1048281-brexit-boris-johnson-se-met-au-travail\">Cliquez ici pour lire l&rsquo;article depuis sa source.<\/a><\/p>\n","protected":false},"excerpt":{"rendered":"<p>Sortie de l\u2019UE, incertitudes \u00e9conomiques\u2026 dossiers chauds Mise en garde du Parlement europ\u00e9en Le jour de sa prise de fonction (24 juillet 2019), le Parlement euro\u00adp\u00e9en a mis en garde le nouveau Premier ministre britannique Boris Johnson contre les cons\u00e9quences \u00e9conomique\u00adment tr\u00e8s dommageables d&rsquo;un d\u00e9part du Royaume-Uni de l&rsquo;UE sans accord. Buc\u00adkingham Palace, puis Downing [&hellip;]<\/p>\n","protected":false},"author":1763,"featured_media":0,"comment_status":"closed","ping_status":"closed","sticky":false,"template":"","format":"standard","meta":{"fifu_image_url":"","fifu_image_alt":"","footnotes":""},"categories":[78,54],"tags":[],"class_list":["post-48650","post","type-post","status-publish","format-standard","hentry","category-economie","category-maroc"],"_links":{"self":[{"href":"https:\/\/linitiative.ca\/International\/wp-json\/wp\/v2\/posts\/48650","targetHints":{"allow":["GET"]}}],"collection":[{"href":"https:\/\/linitiative.ca\/International\/wp-json\/wp\/v2\/posts"}],"about":[{"href":"https:\/\/linitiative.ca\/International\/wp-json\/wp\/v2\/types\/post"}],"author":[{"embeddable":true,"href":"https:\/\/linitiative.ca\/International\/wp-json\/wp\/v2\/users\/1763"}],"replies":[{"embeddable":true,"href":"https:\/\/linitiative.ca\/International\/wp-json\/wp\/v2\/comments?post=48650"}],"version-history":[{"count":0,"href":"https:\/\/linitiative.ca\/International\/wp-json\/wp\/v2\/posts\/48650\/revisions"}],"wp:attachment":[{"href":"https:\/\/linitiative.ca\/International\/wp-json\/wp\/v2\/media?parent=48650"}],"wp:term":[{"taxonomy":"category","embeddable":true,"href":"https:\/\/linitiative.ca\/International\/wp-json\/wp\/v2\/categories?post=48650"},{"taxonomy":"post_tag","embeddable":true,"href":"https:\/\/linitiative.ca\/International\/wp-json\/wp\/v2\/tags?post=48650"}],"curies":[{"name":"wp","href":"https:\/\/api.w.org\/{rel}","templated":true}]}}