{"id":48652,"date":"2019-07-26T05:59:49","date_gmt":"2019-07-26T09:59:49","guid":{"rendered":"https:\/\/linitiative.ca\/International\/lassociation-des-radios-et-televisions-independantes-tient-sa-reunion-trimestrielle-a-casablanca\/"},"modified":"2019-07-26T05:59:49","modified_gmt":"2019-07-26T09:59:49","slug":"lassociation-des-radios-et-televisions-independantes-tient-sa-reunion-trimestrielle-a-casablanca","status":"publish","type":"post","link":"https:\/\/linitiative.ca\/International\/lassociation-des-radios-et-televisions-independantes-tient-sa-reunion-trimestrielle-a-casablanca\/","title":{"rendered":"L\u2019Association des Radios et t\u00e9l\u00e9visions ind\u00e9pendantes tient sa r\u00e9union trimestrielle \u00e0 Casablanca"},"content":{"rendered":"<p><strong>L\u2019Association des Radios et T\u00e9l\u00e9visions Ind\u00e9pendantes (ARTI) a tenu sa r\u00e9union trimestrielle le mercredi 24 juillet 2019 en son si\u00e8ge sis Tour des Habous, Avenue des FAR \u00e0 Casablanca.<\/strong><\/p>\n<div class=\"c10\"\/>\n<p>Cette r\u00e9union a \u00e9t\u00e9 pr\u00e9sid\u00e9e par Kamal Lahlou, pr\u00e9sident de l\u2019<strong>ARTI<\/strong>, en pr\u00e9sence de la majorit\u00e9 des membres de l\u2019association et du secr\u00e9taire g\u00e9n\u00e9ral de la F\u00e9d\u00e9ration Marocaine des M\u00e9dias.<\/p>\n<p>L\u2019ordre du jour a port\u00e9 sur plusieurs questions, notamment celles li\u00e9es \u00e0 la situation du paysage <strong>audiovisuel<\/strong> national, aux enjeux du secteur ainsi qu\u2019au projet de r\u00e9forme dans le cadre d\u2019une nouvelle loi sur l\u2019audiovisuel, en instance d\u2019adoption. Dans ce sens, les op\u00e9rateurs des radios priv\u00e9es constatent, avec regret, qu\u2019ils ne sont jamais sollicit\u00e9s ni impliqu\u00e9s dans les r\u00e9flexions strat\u00e9giques qui touchent tout le secteur et en particulier la libert\u00e9 d\u2019information en relation avec les m\u00e9dias audiovisuels ind\u00e9pendants.<\/p>\n<p>L\u2019Association a \u00e9galement profit\u00e9 de la tenue de sa r\u00e9union trimestrielle pour tirer la sonnette d\u2019alarme quant aux enjeux majeurs auxquels fait face le secteur, notamment au regard de la souverainet\u00e9 m\u00e9diatique du <strong>Maroc<\/strong> et l\u2019imp\u00e9rieuse n\u00e9cessit\u00e9 d\u2019encourager les acteurs nationaux et de pr\u00e9server les op\u00e9rateurs priv\u00e9s de toute concurrence d\u00e9loyale, surtout \u00e9trang\u00e8re. Dans ce sens, l\u2019ARTI a arr\u00eat\u00e9 une s\u00e9rie d\u2019actions en vue de sensibiliser les d\u00e9cideurs, plus particuli\u00e8rement le minist\u00e8re de la Culture et de la Communication, la Haute Autorit\u00e9 de la Communication Audiovisuelle (HACA), ainsi que le Conseil de la Concurrence.<\/p>\n<p>Pour rappel, l\u2019ARTI a \u00e9labor\u00e9, d\u00e8s 2017, un m\u00e9morandum d\u00e9taillant ses pr\u00e9occupations. Ce m\u00e9morandum a \u00e9t\u00e9 adress\u00e9 \u00e0 toutes les parties prenantes sans qu\u2019il ne soit jamais pris en consid\u00e9ration, regrette l\u2019Association. L\u2019ARTI se dit r\u00e9solument engag\u00e9e dans la lutte pour l\u2019\u00e9mergence d\u2019un paysage audiovisuel national pluraliste, moderne et dynamique.<\/p>\n<div class=\"c17\">\n<fieldset class=\"c16\">\n<legend><strong><span class=\"c11\">Challenge<\/span><span class=\"c12\">news<\/span><\/strong><\/legend>\n<div class=\"c15\">Le meilleur de la r\u00e9daction s\u00e9lectionn\u00e9 par Challenge :<\/p>\n<\/div>\n<\/fieldset>\n<\/div>\n<p>Auteur: challenge<br \/>\n<a href=\"https:\/\/www.challenge.ma\/les-radios-privees-condamnent-leur-non-implication-113842\/\">Cliquez ici pour lire l&rsquo;article depuis sa source.<\/a><\/p>\n","protected":false},"excerpt":{"rendered":"<p>L\u2019Association des Radios et T\u00e9l\u00e9visions Ind\u00e9pendantes (ARTI) a tenu sa r\u00e9union trimestrielle le mercredi 24 juillet 2019 en son si\u00e8ge sis Tour des Habous, Avenue des FAR \u00e0 Casablanca. Cette r\u00e9union a \u00e9t\u00e9 pr\u00e9sid\u00e9e par Kamal Lahlou, pr\u00e9sident de l\u2019ARTI, en pr\u00e9sence de la majorit\u00e9 des membres de l\u2019association et du secr\u00e9taire g\u00e9n\u00e9ral de la [&hellip;]<\/p>\n","protected":false},"author":1787,"featured_media":0,"comment_status":"closed","ping_status":"closed","sticky":false,"template":"","format":"standard","meta":{"fifu_image_url":"","fifu_image_alt":"","footnotes":""},"categories":[78,54],"tags":[],"class_list":["post-48652","post","type-post","status-publish","format-standard","hentry","category-economie","category-maroc"],"_links":{"self":[{"href":"https:\/\/linitiative.ca\/International\/wp-json\/wp\/v2\/posts\/48652","targetHints":{"allow":["GET"]}}],"collection":[{"href":"https:\/\/linitiative.ca\/International\/wp-json\/wp\/v2\/posts"}],"about":[{"href":"https:\/\/linitiative.ca\/International\/wp-json\/wp\/v2\/types\/post"}],"author":[{"embeddable":true,"href":"https:\/\/linitiative.ca\/International\/wp-json\/wp\/v2\/users\/1787"}],"replies":[{"embeddable":true,"href":"https:\/\/linitiative.ca\/International\/wp-json\/wp\/v2\/comments?post=48652"}],"version-history":[{"count":0,"href":"https:\/\/linitiative.ca\/International\/wp-json\/wp\/v2\/posts\/48652\/revisions"}],"wp:attachment":[{"href":"https:\/\/linitiative.ca\/International\/wp-json\/wp\/v2\/media?parent=48652"}],"wp:term":[{"taxonomy":"category","embeddable":true,"href":"https:\/\/linitiative.ca\/International\/wp-json\/wp\/v2\/categories?post=48652"},{"taxonomy":"post_tag","embeddable":true,"href":"https:\/\/linitiative.ca\/International\/wp-json\/wp\/v2\/tags?post=48652"}],"curies":[{"name":"wp","href":"https:\/\/api.w.org\/{rel}","templated":true}]}}