{"id":48653,"date":"2019-07-26T08:31:39","date_gmt":"2019-07-26T12:31:39","guid":{"rendered":"https:\/\/linitiative.ca\/International\/le-programme-de-rehabilitation-de-la-kasbah-de-mehdia-lance\/"},"modified":"2019-07-26T08:31:39","modified_gmt":"2019-07-26T12:31:39","slug":"le-programme-de-rehabilitation-de-la-kasbah-de-mehdia-lance","status":"publish","type":"post","link":"https:\/\/linitiative.ca\/International\/le-programme-de-rehabilitation-de-la-kasbah-de-mehdia-lance\/","title":{"rendered":"Le programme de r\u00e9habilitation  de la Kasbah de Mehdia lanc\u00e9"},"content":{"rendered":"<header>\n<div class=\"entry-post-meta\">\n<div class=\"author-link\">Publi\u00e9 par <a itemprop=\"author\" itemscope=\"\" itemtype=\"https:\/\/schema.org\/Person\" href=\"http:\/\/aujourdhui.ma\/profile\/kaid\" rel=\"author\"><span itemprop=\"name\">ALM<\/span><\/a><\/div>\n<p>Date\u00a0:<time content=\"2019-07-26T13:31:39+00:00\" class=\"entry-date updated\" datetime=\"2019-07-26T13:31:39+00:00\">juillet 26, 2019<\/time><\/p>\n<div class=\"entry-cat\">dans:<a href=\"http:\/\/aujourdhui.ma\/category\/culture\" rel=\"category tag\">Culture<\/a><\/div>\n<p>0 Vues<\/p>\n<\/div>\n<\/header>\n<div class=\"entry-content clearfix\" readability=\"45\"><img decoding=\"async\" class=\"post_layout_5_img\" src=\"http:\/\/aujourdhui.ma\/wp-content\/uploads\/2019\/07\/Kasbah-de-Mehdia.jpg?x29840\" alt=\"Le programme de r\u00e9habilitation de la Kasbah de Mehdia lanc\u00e9\"\/><\/p>\n<p class=\"p1\"><span class=\"s1\"><span class=\"c4\"><strong>Le minist\u00e8re de la culture et de la communication -d\u00e9partement de la culture- a annonc\u00e9 avoir lanc\u00e9 la premi\u00e8re tranche du programme de pr\u00e9servation et de r\u00e9habilitation de la Kasbah de Mehdia, comme \u00e9tant un h\u00e9ritage historique, humanitaire et urbain repr\u00e9sentant une partie importante de la m\u00e9moire et de la culture collective commune du Royaume.<\/strong><\/span><\/span><span id=\"more-315915\"\/><\/p>\n<p class=\"p1\"><span class=\"s1\">S\u2019inscrivant dans le cadre de la mise en \u0153uvre de son plan d\u2019action visant la protection, la revalorisation des sites patrimoniaux et architecturaux sur l\u2019ensemble du territoire national, ce programme est marqu\u00e9 par la mise en place d\u2019un ensemble de mesures et de m\u00e9canismes visant \u00e0 restaurer la Kasbah de Mehdia, conform\u00e9ment aux crit\u00e8res de base garantissant la pr\u00e9servation de ses caract\u00e9ristiques et particularit\u00e9s.<\/span><\/p>\n<\/div>\n<p>Auteur: ALM<br \/>\n<a href=\"http:\/\/aujourdhui.ma\/culture\/le-programme-de-rehabilitation-de-la-kasbah-de-mehdia-lance\">Cliquez ici pour lire l&rsquo;article depuis sa source.<\/a><\/p>\n","protected":false},"excerpt":{"rendered":"<p>Publi\u00e9 par ALM Date\u00a0:juillet 26, 2019 dans:Culture 0 Vues Le minist\u00e8re de la culture et de la communication -d\u00e9partement de la culture- a annonc\u00e9 avoir lanc\u00e9 la premi\u00e8re tranche du programme de pr\u00e9servation et de r\u00e9habilitation de la Kasbah de Mehdia, comme \u00e9tant un h\u00e9ritage historique, humanitaire et urbain repr\u00e9sentant une partie importante de la [&hellip;]<\/p>\n","protected":false},"author":1759,"featured_media":0,"comment_status":"closed","ping_status":"closed","sticky":false,"template":"","format":"standard","meta":{"fifu_image_url":"","fifu_image_alt":"","footnotes":""},"categories":[73,54],"tags":[],"class_list":["post-48653","post","type-post","status-publish","format-standard","hentry","category-actualite","category-maroc"],"_links":{"self":[{"href":"https:\/\/linitiative.ca\/International\/wp-json\/wp\/v2\/posts\/48653","targetHints":{"allow":["GET"]}}],"collection":[{"href":"https:\/\/linitiative.ca\/International\/wp-json\/wp\/v2\/posts"}],"about":[{"href":"https:\/\/linitiative.ca\/International\/wp-json\/wp\/v2\/types\/post"}],"author":[{"embeddable":true,"href":"https:\/\/linitiative.ca\/International\/wp-json\/wp\/v2\/users\/1759"}],"replies":[{"embeddable":true,"href":"https:\/\/linitiative.ca\/International\/wp-json\/wp\/v2\/comments?post=48653"}],"version-history":[{"count":0,"href":"https:\/\/linitiative.ca\/International\/wp-json\/wp\/v2\/posts\/48653\/revisions"}],"wp:attachment":[{"href":"https:\/\/linitiative.ca\/International\/wp-json\/wp\/v2\/media?parent=48653"}],"wp:term":[{"taxonomy":"category","embeddable":true,"href":"https:\/\/linitiative.ca\/International\/wp-json\/wp\/v2\/categories?post=48653"},{"taxonomy":"post_tag","embeddable":true,"href":"https:\/\/linitiative.ca\/International\/wp-json\/wp\/v2\/tags?post=48653"}],"curies":[{"name":"wp","href":"https:\/\/api.w.org\/{rel}","templated":true}]}}