{"id":48654,"date":"2019-07-26T07:15:00","date_gmt":"2019-07-26T11:15:00","guid":{"rendered":"https:\/\/linitiative.ca\/International\/accord-de-bale-iii-les-craintes-des-banques\/"},"modified":"2019-07-26T07:15:00","modified_gmt":"2019-07-26T11:15:00","slug":"accord-de-bale-iii-les-craintes-des-banques","status":"publish","type":"post","link":"https:\/\/linitiative.ca\/International\/accord-de-bale-iii-les-craintes-des-banques\/","title":{"rendered":"Accord de B\u00e2le III: Les craintes des banques"},"content":{"rendered":"<div readability=\"34\">\n<p>Des risques sur le financement de l\u2019\u00e9conomie et la comp\u00e9titivit\u00e9<\/p>\n<p>Le processus de transposition doit \u00eatre accompagn\u00e9 par une \u00e9tude d\u2019impact<\/p>\n<\/div>\n<div readability=\"82.0593041645\">\n<p class=\"rtejustify\">Des banques fran\u00e7aises et alle\u00admandes mettent en garde contre l&rsquo;appli\u00adcation de l&rsquo;accord de B\u00e2le de d\u00e9cembre 2017. \u00abLes nouvelles normes pruden\u00adtielles qu&rsquo;il comporte risquent de p\u00e9na\u00adliser le secteur bancaire europ\u00e9en et le financement de l\u2019\u00e9conomie\u00bb, \u00e9crivent Hans-Walter Peters (pr\u00e9sident de l\u2019As\u00adsociation des banques allemandes) et Laurent Mignon (pr\u00e9sident de la F\u00e9d\u00e9ra\u00adtion bancaire fran\u00e7aise) dans une tribune publi\u00e9e simultan\u00e9ment dans le journal fran\u00e7ais les \u00c9chos et le quotidien \u00e9cono\u00admique allemand Handelsblatt.<\/p>\n<p class=\"rtejustify\">L&rsquo;Union europ\u00e9enne devra d\u00e9cider dans les deux prochaines ann\u00e9es de la transposition de cet accord <a href=\"https:\/\/leconomiste.com\/archive\/edition\/5165\" target=\"_blank\" rel=\"noopener noreferrer\"><span class=\"c6\"><strong><em>(cf. notre \u00e9dition N\u00b0 5165 du 11\/12\/2017)<\/em><\/strong><\/span><\/a><span>.<\/span> A no\u00adter que le cadre r\u00e9glementaire marocain \u00e9volue conform\u00e9ment aux principes dic\u00adt\u00e9s par le comit\u00e9 de B\u00e2le.<\/p>\n<p class=\"rtejustify\">Il s&rsquo;agit d&rsquo;un choix politique majeur. \u00abMajeur pour le financement de l\u2019\u00e9co\u00adnomie, car son application viendra af\u00adfecter des pans entiers de financement. Majeur \u00e9galement pour la comp\u00e9titi\u00advit\u00e9 du secteur bancaire europ\u00e9en, qui serait p\u00e9nalis\u00e9, sans raison, par rapport \u00e0 ses concurrents \u00e9trangers ou vis-\u00e0-vis de nouveaux acteurs qui n&rsquo;auraient pas les m\u00eames contraintes r\u00e9glemen\u00adtaires\u00bb, font savoir les auteurs de la tribune.<\/p>\n<p class=\"rtejustify\">Une estimation r\u00e9cente de l&rsquo;Autorit\u00e9 bancaire europ\u00e9enne vient de confirmer que la transposition de cet accord vien\u00addrait augmenter en moyenne de 24% les exigences en capital pour les banques europ\u00e9ennes, soit 135 milliards d&rsquo;euros. Un montant plus que significatif!<\/p>\n<p class=\"rtejustify\">Le circuit bancaire repr\u00e9sente les trois quarts du financement de l&rsquo;\u00e9cono\u00admie de l&rsquo;Union europ\u00e9enne. L&rsquo;impact de l&rsquo;accord sur les conditions d&rsquo;octroi de cr\u00e9dit et de financement devrait ainsi \u00eatre consid\u00e9rable. Il est tout aussi im\u00adportant de souligner que les finance\u00adments par les march\u00e9s seront \u00e9galement fortement p\u00e9nalis\u00e9s, est-il soulign\u00e9. Et notamment en Europe du fait de la moindre profondeur et liquidit\u00e9 de ses march\u00e9s de capitaux. De m\u00eame, les mo\u00add\u00e8les de cr\u00e9dit immobilier allemand ou fran\u00e7ais, dont b\u00e9n\u00e9ficient les m\u00e9nages, seraient affect\u00e9s.<\/p>\n<p class=\"rtejustify\">Une tr\u00e8s grande partie de la capacit\u00e9 de d\u00e9veloppement des banques dans les ann\u00e9es \u00e0 venir devrait \u00eatre ainsi consa\u00adcr\u00e9e au seul respect des nouvelles exi\u00adgences prudentielles. Ceci sans marge de manoeuvre pour accro\u00eetre leurs concours \u00e0 l&rsquo;\u00e9conomie!<\/p>\n<p class=\"rtejustify\">En outre, cer\u00adtains types de financements seraient particuli\u00e8rement touch\u00e9s, \u00e0 l&rsquo;instar de la majorit\u00e9 des entreprises europ\u00e9ennes non not\u00e9es. Il est constat\u00e9 que l&rsquo;accom\u00adpagnement de la croissance et de l&rsquo;inves\u00adtissement en Europe repose sur un taux de croissance du cr\u00e9dit de 6% dans des pays comme la France et l&rsquo;Allemagne. Et c&rsquo;est, donc, un moteur essentiel de la croissance qui serait touch\u00e9.<\/p>\n<blockquote readability=\"15\">\n<p class=\"rtecenter\"><strong><span class=\"c7\">Conditions de concurrence et de rentabilit\u00e9<\/span><\/strong><\/p>\n<p class=\"rtejustify\">LES craintes ne s\u2019arr\u00eatent pas l\u00e0, selon les responsables du secteur. Car, cet accord se traduirait par une rupture d&rsquo;\u00e9galit\u00e9 des conditions de concurrence et de rentabilit\u00e9 avec les banques am\u00e9ricaines. Lesquelles verront leurs exigences de capital augmenter de 1,5% seulement. Il serait donc incompr\u00e9hensible de se lancer dans ce processus de transposition sans avoir pr\u00e9alablement \u00e9tudi\u00e9 l&rsquo;impact des nouvelles normes prudentielles propos\u00e9es sur l&rsquo;activit\u00e9 \u00e9conomique et sur la comp\u00e9titivit\u00e9 de l&rsquo;UE. Lors d\u2019une r\u00e9cente rencontre, le Premier ministre fran\u00e7ais \u00c9douard Philippe a assur\u00e9 porter la plus grande attention \u00e0 l\u2019\u00e9valuation pr\u00e9cise des cons\u00e9quences sur l\u2019\u00e9conomie europ\u00e9enne de l\u2019accord final de B\u00e2le III. Son d\u00e9partement sera attentif \u00e0 sa transposition en Europe en tenant compte aussi des choix qui seront faits dans les diff\u00e9rentes zones g\u00e9ographiques, en particulier aux \u00c9tats-Unis.<\/p>\n<\/blockquote>\n<p class=\"rtejustify\"><em>F. Z. T.<\/em><\/p>\n<p class=\"rtejustify\">\u00a0<\/p>\n<\/div>\n<p>Auteur: hlafriqi<br \/>\n<a href=\"https:\/\/www.leconomiste.com\/article\/1048283-accord-de-bale-iii-les-craintes-des-banques\">Cliquez ici pour lire l&rsquo;article depuis sa source.<\/a><\/p>\n","protected":false},"excerpt":{"rendered":"<p>Des risques sur le financement de l\u2019\u00e9conomie et la comp\u00e9titivit\u00e9 Le processus de transposition doit \u00eatre accompagn\u00e9 par une \u00e9tude d\u2019impact Des banques fran\u00e7aises et alle\u00admandes mettent en garde contre l&rsquo;appli\u00adcation de l&rsquo;accord de B\u00e2le de d\u00e9cembre 2017. \u00abLes nouvelles normes pruden\u00adtielles qu&rsquo;il comporte risquent de p\u00e9na\u00adliser le secteur bancaire europ\u00e9en et le financement de [&hellip;]<\/p>\n","protected":false},"author":1763,"featured_media":0,"comment_status":"closed","ping_status":"closed","sticky":false,"template":"","format":"standard","meta":{"fifu_image_url":"","fifu_image_alt":"","footnotes":""},"categories":[78,54],"tags":[],"class_list":["post-48654","post","type-post","status-publish","format-standard","hentry","category-economie","category-maroc"],"_links":{"self":[{"href":"https:\/\/linitiative.ca\/International\/wp-json\/wp\/v2\/posts\/48654","targetHints":{"allow":["GET"]}}],"collection":[{"href":"https:\/\/linitiative.ca\/International\/wp-json\/wp\/v2\/posts"}],"about":[{"href":"https:\/\/linitiative.ca\/International\/wp-json\/wp\/v2\/types\/post"}],"author":[{"embeddable":true,"href":"https:\/\/linitiative.ca\/International\/wp-json\/wp\/v2\/users\/1763"}],"replies":[{"embeddable":true,"href":"https:\/\/linitiative.ca\/International\/wp-json\/wp\/v2\/comments?post=48654"}],"version-history":[{"count":0,"href":"https:\/\/linitiative.ca\/International\/wp-json\/wp\/v2\/posts\/48654\/revisions"}],"wp:attachment":[{"href":"https:\/\/linitiative.ca\/International\/wp-json\/wp\/v2\/media?parent=48654"}],"wp:term":[{"taxonomy":"category","embeddable":true,"href":"https:\/\/linitiative.ca\/International\/wp-json\/wp\/v2\/categories?post=48654"},{"taxonomy":"post_tag","embeddable":true,"href":"https:\/\/linitiative.ca\/International\/wp-json\/wp\/v2\/tags?post=48654"}],"curies":[{"name":"wp","href":"https:\/\/api.w.org\/{rel}","templated":true}]}}