{"id":48655,"date":"2019-07-26T07:24:30","date_gmt":"2019-07-26T11:24:30","guid":{"rendered":"https:\/\/linitiative.ca\/International\/marche-matinale-sous-haute-surveillance-a-alger\/"},"modified":"2019-07-26T07:24:30","modified_gmt":"2019-07-26T11:24:30","slug":"marche-matinale-sous-haute-surveillance-a-alger","status":"publish","type":"post","link":"https:\/\/linitiative.ca\/International\/marche-matinale-sous-haute-surveillance-a-alger\/","title":{"rendered":"Marche matinale sous haute surveillance \u00e0 Alger"},"content":{"rendered":"<h4 class=\"title-14\"\/>\n<div class=\"featured_image\"><img width=\"640\" height=\"480\" data-cfsrc=\"https:\/\/www.elwatan.com\/wp-content\/uploads\/2019\/07\/didouche-23.jpg\" class=\"attachment-post-thumbnail size-post-thumbnail wp-post-image c2\" alt=\"\" srcset=\"https:\/\/www.elwatan.com\/wp-content\/uploads\/2019\/07\/didouche-23.jpg 640w, https:\/\/www.elwatan.com\/wp-content\/uploads\/2019\/07\/didouche-23-300x225.jpg 300w\" sizes=\"(max-width: 640px) 100vw, 640px\"\/><noscript><\/p>\n<p><img loading=\"lazy\" decoding=\"async\" width=\"640\" height=\"480\" src=\"https:\/\/www.elwatan.com\/wp-content\/uploads\/2019\/07\/didouche-23.jpg\" class=\"attachment-post-thumbnail size-post-thumbnail wp-post-image\" alt=\"\" srcset=\"https:\/\/www.elwatan.com\/wp-content\/uploads\/2019\/07\/didouche-23.jpg 640w, https:\/\/www.elwatan.com\/wp-content\/uploads\/2019\/07\/didouche-23-300x225.jpg 300w\" sizes=\"auto, (max-width: 640px) 100vw, 640px\"\/><\/p>\n<p><\/noscript> <span class=\"featured-image-caption\">Marche matinale \u00e0 Alger ( 23e vendredi). Photo : Farouk D<\/span><\/div>\n<p>Le noyau dur de la r\u00e9volution pacifique \u00e9tait au rendez-vous ce vendredi matin \u00e0 Alger. Des dizaines de manifestants se sont rassembl\u00e9s \u00e0 proximit\u00e9 de la grande poste pour scander des slogans hostiles au pouvoir dont \u00ab\u00a0pas d\u2019\u00e9lection avec les gangs\u00a0\u00bb.<\/p>\n<p>Vers 11h00, la foule, repouss\u00e9e par de nombreux policiers, entame une marche en direction de la rue Didouche Mourad en clamant \u00ab\u00a0Etat civil, non militaire\u00a0\u00bb, \u00ab\u00a0Y\u2019en a marre des g\u00e9n\u00e9raux\u00a0\u00bb et \u00ab\u00a0Pouvoir assassin\u00a0\u00bb. Parmi les marcheurs, on reconnait Benyoucef Mellouk,\u00a0 l\u2019homme qui a fait \u00e9clater le scandale des faux moudjahidines.<\/p>\n<p><iframe loading=\"lazy\" class=\"c8\" src=\"https:\/\/www.facebook.com\/plugins\/video.php?href=https%3A%2F%2Fwww.facebook.com%2Felwatancom%2Fvideos%2F351804242403518%2F&#038;show_text=0&#038;width=560\" width=\"560\" height=\"322\" frameborder=\"0\" scrolling=\"no\" allowfullscreen=\"allowfullscreen\">[embedded content]<\/iframe><\/p>\n<p>L\u2019all\u00e8gement du dispositif policier, promis hier par Bensalah, n\u2019a pas \u00e9t\u00e9 concr\u00e9tis\u00e9. La manifestation se poursuit \u00e0 l\u2019heure o\u00f9 nous mettons en ligne, en attendant la grande marche du 23e vendredi pr\u00e9vue vers 14h00, pour r\u00e9pondre au pouvoir en place qui a d\u00e9sign\u00e9 un <a href=\"https:\/\/www.elwatan.com\/edition\/actualite\/bensalah-invite-la-justice-a-examiner-la-possibilite-de-liberer-les-manifestants-arretes-25-07-2019\">Panel charg\u00e9 de conduire le \u00ab\u00a0dialogue national\u00a0\u00bb<\/a>.<\/p>\n<p><span class=\"post-views-label\">Post Views:<\/span> <span class=\"post-views-count\">1\u00a0269<\/span><\/p>\n<p><br class=\"c4\"\/><\/p>\n<p>Auteur: Farouk Djouadi<br \/>\n<a href=\"https:\/\/www.elwatan.com\/edition\/actualite\/marche-matinale-sous-haute-surveillance-a-alger-26-07-2019\">Cliquez ici pour lire l&rsquo;article depuis sa source.<\/a><\/p>\n","protected":false},"excerpt":{"rendered":"<p>Marche matinale \u00e0 Alger ( 23e vendredi). Photo : Farouk D Le noyau dur de la r\u00e9volution pacifique \u00e9tait au rendez-vous ce vendredi matin \u00e0 Alger. Des dizaines de manifestants se sont rassembl\u00e9s \u00e0 proximit\u00e9 de la grande poste pour scander des slogans hostiles au pouvoir dont \u00ab\u00a0pas d\u2019\u00e9lection avec les gangs\u00a0\u00bb. Vers 11h00, la [&hellip;]<\/p>\n","protected":false},"author":1743,"featured_media":48659,"comment_status":"closed","ping_status":"closed","sticky":false,"template":"","format":"standard","meta":{"fifu_image_url":"","fifu_image_alt":"","footnotes":""},"categories":[73,53],"tags":[],"class_list":["post-48655","post","type-post","status-publish","format-standard","has-post-thumbnail","hentry","category-actualite","category-algerie"],"_links":{"self":[{"href":"https:\/\/linitiative.ca\/International\/wp-json\/wp\/v2\/posts\/48655","targetHints":{"allow":["GET"]}}],"collection":[{"href":"https:\/\/linitiative.ca\/International\/wp-json\/wp\/v2\/posts"}],"about":[{"href":"https:\/\/linitiative.ca\/International\/wp-json\/wp\/v2\/types\/post"}],"author":[{"embeddable":true,"href":"https:\/\/linitiative.ca\/International\/wp-json\/wp\/v2\/users\/1743"}],"replies":[{"embeddable":true,"href":"https:\/\/linitiative.ca\/International\/wp-json\/wp\/v2\/comments?post=48655"}],"version-history":[{"count":0,"href":"https:\/\/linitiative.ca\/International\/wp-json\/wp\/v2\/posts\/48655\/revisions"}],"wp:featuredmedia":[{"embeddable":true,"href":"https:\/\/linitiative.ca\/International\/wp-json\/"}],"wp:attachment":[{"href":"https:\/\/linitiative.ca\/International\/wp-json\/wp\/v2\/media?parent=48655"}],"wp:term":[{"taxonomy":"category","embeddable":true,"href":"https:\/\/linitiative.ca\/International\/wp-json\/wp\/v2\/categories?post=48655"},{"taxonomy":"post_tag","embeddable":true,"href":"https:\/\/linitiative.ca\/International\/wp-json\/wp\/v2\/tags?post=48655"}],"curies":[{"name":"wp","href":"https:\/\/api.w.org\/{rel}","templated":true}]}}