{"id":48657,"date":"2019-07-26T07:16:00","date_gmt":"2019-07-26T11:16:00","guid":{"rendered":"https:\/\/linitiative.ca\/International\/rafaa-ben-achour-caid-essebsi-un-grand-patriote-et-visionnaire-et-lun-des-principaux-artisans-de-la-transition-democratique\/"},"modified":"2019-07-26T07:16:00","modified_gmt":"2019-07-26T11:16:00","slug":"rafaa-ben-achour-caid-essebsi-un-grand-patriote-et-visionnaire-et-lun-des-principaux-artisans-de-la-transition-democratique","status":"publish","type":"post","link":"https:\/\/linitiative.ca\/International\/rafaa-ben-achour-caid-essebsi-un-grand-patriote-et-visionnaire-et-lun-des-principaux-artisans-de-la-transition-democratique\/","title":{"rendered":"Rafaa Ben Achour : Ca\u00efd Essebsi, un grand patriote et visionnaire, et l\u2019un des principaux artisans de la transition d\u00e9mocratique"},"content":{"rendered":"<p>\u00ab\u00a0Homme d&rsquo;Etat accompli, \u00e9crit le Pr Rafaa Ben Achour, militant pour l&rsquo;ind\u00e9pendance de la Tunisie, grand patriote, visionnaire, Beji Ca\u00efd Essebsi a \u00e9t\u00e9 l&rsquo;un des principaux artisans de la transition d\u00e9mocratique en Tunisie en 2011. Il a \u00e9t\u00e9 le premier pr\u00e9sident d\u00e9mocratiquement \u00e9lu par le peuple tunisien.<\/p>\n<p>Ayant servi \u00e0 ses c\u00f4t\u00e9s de 2011 \u00e0 2015, j&rsquo;ai continu\u00e9 \u00e0 entretenir avec lui des rapports filiaux. Qu&rsquo;il repose en paix.<\/p>\n<p>Proche du pr\u00e9sident B\u00e9ji Ca\u00efd Essebsi dont il a \u00e9t\u00e9 conseiller d\u00e8s le premier jour de sa nomination en mars 2011 en qualit\u00e9 de Premier ministre, le professeur Rafaa Ben Achour a \u00e9galement contribu\u00e9 \u00e0 ses c\u00f4t\u00e9s \u00e0 la fondation de Nidaa Tounes. En janvier 2015, il l\u2019accompagner en qualit\u00e9 de Conseiller principal au palais de Carthage, avant de rejoindre, quelques mois plus tard la cour africaine des Droits de l\u2019Homme et des Peuples (UA, Tanzanie)<br \/>\u00a0<\/p>\n<p>Auteur:<br \/>\n<a href=\"https:\/\/www.leaders.com.tn\/article\/27594-rafaa-ben-achour-caid-essebsi-un-grand-patriote-et-visionnaire-et-l-un-des-principaux-artisans-de-la-transition-democratique\">Cliquez ici pour lire l&rsquo;article depuis sa source.<\/a><\/p>\n","protected":false},"excerpt":{"rendered":"<p>\u00ab\u00a0Homme d&rsquo;Etat accompli, \u00e9crit le Pr Rafaa Ben Achour, militant pour l&rsquo;ind\u00e9pendance de la Tunisie, grand patriote, visionnaire, Beji Ca\u00efd Essebsi a \u00e9t\u00e9 l&rsquo;un des principaux artisans de la transition d\u00e9mocratique en Tunisie en 2011. Il a \u00e9t\u00e9 le premier pr\u00e9sident d\u00e9mocratiquement \u00e9lu par le peuple tunisien. Ayant servi \u00e0 ses c\u00f4t\u00e9s de 2011 \u00e0 [&hellip;]<\/p>\n","protected":false},"author":1772,"featured_media":0,"comment_status":"closed","ping_status":"closed","sticky":false,"template":"","format":"standard","meta":{"fifu_image_url":"","fifu_image_alt":"","footnotes":""},"categories":[73,55],"tags":[],"class_list":["post-48657","post","type-post","status-publish","format-standard","hentry","category-actualite","category-tunisie"],"_links":{"self":[{"href":"https:\/\/linitiative.ca\/International\/wp-json\/wp\/v2\/posts\/48657","targetHints":{"allow":["GET"]}}],"collection":[{"href":"https:\/\/linitiative.ca\/International\/wp-json\/wp\/v2\/posts"}],"about":[{"href":"https:\/\/linitiative.ca\/International\/wp-json\/wp\/v2\/types\/post"}],"author":[{"embeddable":true,"href":"https:\/\/linitiative.ca\/International\/wp-json\/wp\/v2\/users\/1772"}],"replies":[{"embeddable":true,"href":"https:\/\/linitiative.ca\/International\/wp-json\/wp\/v2\/comments?post=48657"}],"version-history":[{"count":0,"href":"https:\/\/linitiative.ca\/International\/wp-json\/wp\/v2\/posts\/48657\/revisions"}],"wp:attachment":[{"href":"https:\/\/linitiative.ca\/International\/wp-json\/wp\/v2\/media?parent=48657"}],"wp:term":[{"taxonomy":"category","embeddable":true,"href":"https:\/\/linitiative.ca\/International\/wp-json\/wp\/v2\/categories?post=48657"},{"taxonomy":"post_tag","embeddable":true,"href":"https:\/\/linitiative.ca\/International\/wp-json\/wp\/v2\/tags?post=48657"}],"curies":[{"name":"wp","href":"https:\/\/api.w.org\/{rel}","templated":true}]}}