{"id":48665,"date":"2019-07-26T07:45:00","date_gmt":"2019-07-26T11:45:00","guid":{"rendered":"https:\/\/linitiative.ca\/International\/assassins-dimlil-justice-enfin-rendue\/"},"modified":"2019-07-26T07:45:00","modified_gmt":"2019-07-26T11:45:00","slug":"assassins-dimlil-justice-enfin-rendue","status":"publish","type":"post","link":"https:\/\/linitiative.ca\/International\/assassins-dimlil-justice-enfin-rendue\/","title":{"rendered":"Assassins d\u2019Imlil:  Justice enfin rendue!"},"content":{"rendered":"<div class=\"dnd-atom-wrapper type-image context-sdl_editor_representation atom-align-right\" contenteditable=\"false\">\n<div class=\"dnd-drop-wrapper image\"><img loading=\"lazy\" decoding=\"async\" typeof=\"foaf:Image\" class=\"img-responsive\" src=\"https:\/\/www.leconomiste.com\/sites\/default\/files\/eco7\/public\/thumbnails\/image\/assassinat_dimlil_064.jpg\" width=\"384\" height=\"397\" alt=\"assassinat_dimlil_064.jpg\" title=\"assassinat_dimlil_064.jpg\"\/><\/div>\n<\/div>\n<p class=\"rtejustify\">Les trois assassins d\u2019Imlil ont reconnu leur crime et \u00e9coperont de la peine capitale. Ils ont \u00e9galement \u00e9t\u00e9 condamn\u00e9s \u00e0 verser pr\u00e8s de 2 millions de DH de d\u00e9dommagements aux parents de Maren Ueland. Une sentence attendue par tous\u2026 <a href=\"https:\/\/leconomiste.com\/archive\/edition\/5559\" target=\"_blank\" rel=\"noopener noreferrer\"><span class=\"c6\"><strong><em>(cf. notre \u00e9dition du 18 \/07 \/2019)<\/em><\/strong><\/span><\/a><\/p>\n<p class=\"rtejustify\"><strong>\u25a0 L\u2019ignorance et la pr\u00e9carit\u00e9 \u00e0 pointer du doigt\u00a0 \u00a0<\/strong><br \/>Le meurtre d\u2019Imlil, qui a eu lieu quelques mois plus t\u00f4t, restera marqu\u00e9 dans les m\u00e9moires de par l\u2019effroi et la r\u00e9pulsion qu\u2019il a suscit\u00e9 \u00e0 l\u2019international. Je donne raison \u00e0 la justice d\u2019avoir condamn\u00e9 fermement ses responsables. Quoi qu\u2019il en soit, la pr\u00e9carit\u00e9 et l\u2019ignorance sont les principaux facteurs qui ont pouss\u00e9\u00a0 les meurtriers \u00e0 agir.<br \/><em>M.E.M<\/em><br \/><strong>\u25a0 Des sentences effectives ou rien<\/strong><br \/>La justice marocaine a trait\u00e9 cette affaire sans accumuler de retard compar\u00e9 \u00e0 la lenteur de certaines justices europ\u00e9ennes (dont notamment la France) et c\u2019est tout \u00e0 son honneur! N\u00e9anmoins, au risque d\u2019\u00eatre en d\u00e9calage avec les abolitionnistes, il est imp\u00e9ratif que ces sentences de mort soient effectives. En effet, ces individus n\u2019ont rien d\u2019humain et les enfermer en prison co\u00fbterait cher alors qu\u2019ils ne le m\u00e9ritent pas\u2026<br \/><em><strong>ILY<\/strong><\/em><br \/><strong>\u25a0 La meilleure d\u00e9cision \u00e0 prendre<\/strong><br \/>L\u2019Etat marocain a assur\u00e9 un proc\u00e8s juste pour les accus\u00e9s. Ces derniers n\u2019ont eu que le sort qu\u2019ils m\u00e9ritaient !<br \/><em>El Ouajrachi<\/em><\/p>\n<div class=\"dnd-atom-wrapper type-image context-sdl_editor_representation\" contenteditable=\"false\">\n<div class=\"dnd-drop-wrapper image\"><img loading=\"lazy\" decoding=\"async\" typeof=\"foaf:Image\" class=\"img-responsive\" src=\"https:\/\/www.leconomiste.com\/sites\/default\/files\/eco7\/public\/thumbnails\/image\/cari-cl-064.jpg\" width=\"660\" height=\"330\" alt=\"cari-cl-064.jpg\" title=\"cari-cl-064.jpg\"\/><\/div>\n<\/div>\n<p class=\"rtecenter\"><em><strong><u>\u00a0\u00a0\u00a0\u00a0\u00a0\u00a0\u00a0\u00a0\u00a0\u00a0\u00a0\u00a0\u00a0\u00a0\u00a0\u00a0\u00a0\u00a0\u00a0\u00a0\u00a0\u00a0\u00a0\u00a0\u00a0\u00a0\u00a0\u00a0\u00a0\u00a0\u00a0\u00a0\u00a0\u00a0\u00a0\u00a0\u00a0\u00a0\u00a0\u00a0\u00a0\u00a0\u00a0\u00a0\u00a0\u00a0\u00a0\u00a0\u00a0\u00a0\u00a0\u00a0\u00a0\u00a0\u00a0\u00a0\u00a0\u00a0\u00a0\u00a0\u00a0\u00a0\u00a0\u00a0\u00a0\u00a0\u00a0\u00a0\u00a0\u00a0\u00a0\u00a0\u00a0\u00a0\u00a0\u00a0<\/u><\/strong><\/em><\/p>\n<p class=\"rtecenter\"><strong>F\u00e8s: Les marchands ambulants r\u00e9clament leur place<\/strong><\/p>\n<div class=\"dnd-atom-wrapper type-image context-sdl_editor_representation\" contenteditable=\"false\">\n<div class=\"dnd-drop-wrapper image\"><img loading=\"lazy\" decoding=\"async\" typeof=\"foaf:Image\" class=\"img-responsive\" src=\"https:\/\/www.leconomiste.com\/sites\/default\/files\/eco7\/public\/thumbnails\/image\/corniche-ain-diab-064.jpg\" width=\"660\" height=\"330\" alt=\"corniche-ain-diab-064.jpg\" title=\"corniche-ain-diab-064.jpg\"\/><\/div>\n<\/div>\n<p class=\"rtejustify\"><strong>\u25a0 Int\u00e9grons-les au secteur formel!<\/strong><br \/>Les vendeurs \u00e0 \u00abla sauvette\u00bb repr\u00e9sentent une v\u00e9ritable plaie. Leur nombre n\u2019a pas cess\u00e9 d&rsquo;augmenter au fil des ans sans qu&rsquo;aucun gouvernement n&rsquo;ait trouv\u00e9 une v\u00e9ritable solution prot\u00e9geant les honn\u00eates commer\u00e7ants s&rsquo;acquittant r\u00e9guli\u00e8rement de leurs imp\u00f4ts et autres charges sociales particuli\u00e8rement co\u00fbteuses. Pour changer la donne, les autorit\u00e9s gouvernementales &#8211; essentiellement le minist\u00e8re de l&rsquo;int\u00e9rieur &#8211; devraient commencer par recenser les int\u00e9ress\u00e9s et construire une base de donn\u00e9es int\u00e9grant, outre l&rsquo;identit\u00e9, la nature de l&rsquo;activit\u00e9 exerc\u00e9e ou encore la date de lancement de l\u2019activit\u00e9. Puis, par la suite, il faudrait d\u00e9livrer aux int\u00e9ress\u00e9s une carte professionnelle provisoire \u00e0 pr\u00e9senter \u00e0 tout agent habilit\u00e9 \u00e0 les contr\u00f4ler. Cette d\u00e9marche permettra, d&rsquo;une part, d&rsquo;\u00e9tablir des plans d&rsquo;action , puis d&rsquo;autre part, de soumettre cette cat\u00e9gorie de la population au paiement d&rsquo;un droit (m\u00eame symbolique) afin de pr\u00e9parer leur int\u00e9gration au secteur formel\u2026<\/p>\n<p class=\"rtejustify\"><em>Aa\u00eft Harmoun<\/em><\/p>\n<p class=\"rtecenter\"><em><strong><u>\u00a0\u00a0\u00a0\u00a0\u00a0\u00a0\u00a0\u00a0\u00a0\u00a0\u00a0\u00a0\u00a0\u00a0\u00a0\u00a0\u00a0\u00a0\u00a0\u00a0\u00a0\u00a0\u00a0\u00a0\u00a0\u00a0\u00a0\u00a0\u00a0\u00a0\u00a0\u00a0\u00a0\u00a0\u00a0\u00a0\u00a0\u00a0\u00a0\u00a0\u00a0\u00a0\u00a0\u00a0\u00a0\u00a0\u00a0\u00a0\u00a0\u00a0\u00a0\u00a0\u00a0\u00a0\u00a0\u00a0\u00a0\u00a0\u00a0\u00a0\u00a0\u00a0\u00a0\u00a0\u00a0\u00a0\u00a0\u00a0\u00a0\u00a0\u00a0\u00a0\u00a0\u00a0\u00a0\u00a0<\/u><\/strong><\/em><\/p>\n<p class=\"rtecenter\"><strong>Nouveau dispositif anti-criminalit\u00e9: Il \u00e9tait temps!<\/strong><\/p>\n<p class=\"rtejustify\"><strong>\u25a0 Une proc\u00e9dure p\u00e9nale plus coh\u00e9rente s\u2019av\u00e8re n\u00e9cessaire<\/strong><br \/>Ce qu&rsquo;il faut en premier lieu, c&rsquo;est avant tout une politique p\u00e9nale coh\u00e9rente. Autrement dit, viser un objectif et y faire converger l\u2019ensemble du dispositif judiciaire. Or, dans l&rsquo;imm\u00e9diat, il n&rsquo;y a que des mesures et des sanctions contre des d\u00e9lits et des crimes pris s\u00e9par\u00e9ment. Qu&rsquo;en est-il par ailleurs de la n\u00e9cessit\u00e9 d&rsquo;\u00eatre inform\u00e9 en temps et en heure des d\u00e9cisions de justice ou encore de disposer d&rsquo;ordonnances de la part des juges? Le chemin est encore\u00a0 long pour atteindre l\u2019illumination et la justice doit \u00e9voluer et se d\u00e9faire de son arrogance envers la soci\u00e9t\u00e9. Comment? En ne r\u00e9formant que tr\u00e8s peu et en veillant \u00e0 l&rsquo;opacit\u00e9. Le Maroc avance mais la justice doit faire des bonds vers l\u2019avant pour m\u00e9riter pleinement son appellation.<br \/><em>Nadia<\/em><br \/><strong>\u25a0 La violence augmente jour apr\u00e8s jour<\/strong><br \/>Notre pays devient de plus en plus violent et enregistre une r\u00e9elle mont\u00e9e du nombre d\u2019agressions physiques. Mais, au lieu d\u2019y faire face,\u00a0 nos responsables emprisonnent les fumeurs de cannabis ou encore\u00a0 les d\u00e9jeuneurs. Voila pourquoi nous sommes sous d\u00e9velopp\u00e9s!<\/p>\n<p><em>Omar Benbarek<\/em><\/p>\n<p class=\"rtecenter\"><em><strong><u>\u00a0\u00a0\u00a0\u00a0\u00a0\u00a0\u00a0\u00a0\u00a0\u00a0\u00a0\u00a0\u00a0\u00a0\u00a0\u00a0\u00a0\u00a0\u00a0\u00a0\u00a0\u00a0\u00a0\u00a0\u00a0\u00a0\u00a0\u00a0\u00a0\u00a0\u00a0\u00a0\u00a0\u00a0\u00a0\u00a0\u00a0\u00a0\u00a0\u00a0\u00a0\u00a0\u00a0\u00a0\u00a0\u00a0\u00a0\u00a0\u00a0\u00a0\u00a0\u00a0\u00a0\u00a0\u00a0\u00a0\u00a0\u00a0\u00a0\u00a0\u00a0\u00a0\u00a0\u00a0\u00a0\u00a0\u00a0\u00a0\u00a0\u00a0\u00a0\u00a0\u00a0\u00a0\u00a0\u00a0<\/u><\/strong><\/em><\/p>\n<p class=\"rtecenter\"><strong>Et d\u2019autres r\u00e9actions<\/strong><\/p>\n<p class=\"rtejustify\"><strong>\u25a0 Corniche d\u2019A\u00efn Diab: Toujours en chantier!<\/strong><\/p>\n<div class=\"dnd-atom-wrapper type-image context-sdl_editor_representation\" contenteditable=\"false\">\n<div class=\"dnd-drop-wrapper image\"><img loading=\"lazy\" decoding=\"async\" typeof=\"foaf:Image\" class=\"img-responsive\" src=\"https:\/\/www.leconomiste.com\/sites\/default\/files\/eco7\/public\/thumbnails\/image\/corniche-ain-diab-064.jpg\" width=\"660\" height=\"330\" alt=\"corniche-ain-diab-064.jpg\" title=\"corniche-ain-diab-064.jpg\"\/><\/div>\n<\/div>\n<p class=\"rtejustify\">Apr\u00e8s plusieurs ann\u00e9es de nuisance continue, l\u2019am\u00e9nagement de la corniche casablancaise ne semble toujours pas finalis\u00e9! Il n\u2019y a qu\u2019\u00e0 constater les blocs de b\u00e9ton abandonn\u00e9s, l\u2019absence de toilettes, la diminution du nombre de portes d\u2019acc\u00e8s \u00e0 la plage ou encore la suppression de ronds points utiles. Le seul point positif? L\u2019am\u00e9nagement de dispositifs sportifs!\u00a0\u00a0\u00a0\u00a0\u00a0 \u00a0<br \/><em>M.S.<\/em><\/p>\n<p class=\"rtejustify\"><strong>\u25a0 Autoroutes: Trop souvent au service du Maroc utile?<\/strong><br \/>Force est de constater que l&rsquo;essentiel des actions projet\u00e9es par Autoroutes du Maroc s&rsquo;inscrivent toujours dans le sch\u00e9ma du Maroc utile. O\u00f9 sont les connexions transversales suppos\u00e9es d\u00e9senclaver les r\u00e9gions de l\u2019int\u00e9rieur telles que Taroudant, Ouarzazate ou encore Tanger?<\/p>\n<p class=\"rtejustify\"><em>Drissi<\/em><\/p>\n<p class=\"rtejustify\">\u00a0<\/p>\n<p>Auteur: hlafriqi<br \/>\n<a href=\"https:\/\/www.leconomiste.com\/article\/1048296-assassins-d-imlil-justice-enfin-rendue\">Cliquez ici pour lire l&rsquo;article depuis sa source.<\/a><\/p>\n","protected":false},"excerpt":{"rendered":"<p>Les trois assassins d\u2019Imlil ont reconnu leur crime et \u00e9coperont de la peine capitale. Ils ont \u00e9galement \u00e9t\u00e9 condamn\u00e9s \u00e0 verser pr\u00e8s de 2 millions de DH de d\u00e9dommagements aux parents de Maren Ueland. Une sentence attendue par tous\u2026 (cf. notre \u00e9dition du 18 \/07 \/2019) \u25a0 L\u2019ignorance et la pr\u00e9carit\u00e9 \u00e0 pointer du doigt\u00a0 [&hellip;]<\/p>\n","protected":false},"author":1763,"featured_media":48667,"comment_status":"closed","ping_status":"closed","sticky":false,"template":"","format":"standard","meta":{"fifu_image_url":"","fifu_image_alt":"","footnotes":""},"categories":[78,54],"tags":[],"class_list":["post-48665","post","type-post","status-publish","format-standard","has-post-thumbnail","hentry","category-economie","category-maroc"],"_links":{"self":[{"href":"https:\/\/linitiative.ca\/International\/wp-json\/wp\/v2\/posts\/48665","targetHints":{"allow":["GET"]}}],"collection":[{"href":"https:\/\/linitiative.ca\/International\/wp-json\/wp\/v2\/posts"}],"about":[{"href":"https:\/\/linitiative.ca\/International\/wp-json\/wp\/v2\/types\/post"}],"author":[{"embeddable":true,"href":"https:\/\/linitiative.ca\/International\/wp-json\/wp\/v2\/users\/1763"}],"replies":[{"embeddable":true,"href":"https:\/\/linitiative.ca\/International\/wp-json\/wp\/v2\/comments?post=48665"}],"version-history":[{"count":0,"href":"https:\/\/linitiative.ca\/International\/wp-json\/wp\/v2\/posts\/48665\/revisions"}],"wp:featuredmedia":[{"embeddable":true,"href":"https:\/\/linitiative.ca\/International\/wp-json\/"}],"wp:attachment":[{"href":"https:\/\/linitiative.ca\/International\/wp-json\/wp\/v2\/media?parent=48665"}],"wp:term":[{"taxonomy":"category","embeddable":true,"href":"https:\/\/linitiative.ca\/International\/wp-json\/wp\/v2\/categories?post=48665"},{"taxonomy":"post_tag","embeddable":true,"href":"https:\/\/linitiative.ca\/International\/wp-json\/wp\/v2\/tags?post=48665"}],"curies":[{"name":"wp","href":"https:\/\/api.w.org\/{rel}","templated":true}]}}