{"id":48670,"date":"2019-07-26T06:31:34","date_gmt":"2019-07-26T10:31:34","guid":{"rendered":"https:\/\/linitiative.ca\/International\/topnet-suite-au-deces-du-president-de-la-republique\/"},"modified":"2019-07-26T06:31:34","modified_gmt":"2019-07-26T10:31:34","slug":"topnet-suite-au-deces-du-president-de-la-republique","status":"publish","type":"post","link":"https:\/\/linitiative.ca\/International\/topnet-suite-au-deces-du-president-de-la-republique\/","title":{"rendered":"Topnet suite au d\u00e9c\u00e8s du Pr\u00e9sident de la R\u00e9publique"},"content":{"rendered":"<div class=\"post-cont-in left relative\">\n<div class=\"swp_social_panel swp_horizontal_panel swp_flat_fresh swp_default_full_color swp_individual_full_color swp_other_full_color scale-100 scale-\" data-min-width=\"1100\" data-float-color=\"#ffffff\" data-float=\"none\" data-float-mobile=\"none\" data-transition=\"slide\">\n<div class=\"nc_tweetContainer swp_share_button total_shares total_sharesalt\"><span class=\"swp_count\">12 <span class=\"swp_label\">Partages<\/span><\/span><\/div>\n<\/div>\n<p>\u00ab Nous sommes tous \u00e0 Dieu et \u00e0 lui nous retournons \u00bb<\/p>\n<p>C\u2019est avec une grande \u00e9motion et une profonde tristesse que nous avons appris le d\u00e9c\u00e8s aujourd\u2019hui du Pr\u00e9sident de la R\u00e9publique.<\/p>\n<div class=\"code-block code-block-1 c5\"><ins class=\"adsbygoogle c4\" data-ad-layout=\"in-article\" data-ad-format=\"fluid\" data-ad-client=\"ca-pub-2102118777505746\" data-ad-slot=\"7301775417\"\/> <\/div>\n<p>Au nom de la Direction G\u00e9n\u00e9rale et de l\u2019ensemble des collaborateurs de TOPNET, nous adressons nos plus sinc\u00e8res condol\u00e9ances \u00e0 sa famille, \u00e0 ses proches et \u00e0 l\u2019ensemble du peuple tunisien.<\/p>\n<p>Le pr\u00e9sident d\u00e9funt \u00e9tait un homme politique visionnaire qui a particip\u00e9 \u00e0 l\u2019\u00e9dification de la Tunisie moderne durant toute sa carri\u00e8re politique.<\/p>\n<p>Que Dieu prot\u00e8ge la Tunisie.<\/p>\n<p>Puisse Dieu le Tout-Puissant lui accorder Son infinie mis\u00e9ricorde et l\u2019accueillir dans son \u00e9ternel paradis.<\/p>\n<h5 class=\"c6\">Communiqu\u00e9 de presse<\/h5>\n<div class=\"mvp-org-wrap mvp-org-logo\" itemprop=\"publisher\" itemscope=\"\" itemtype=\"https:\/\/schema.org\/Organization\"><img decoding=\"async\" src=\"https:\/\/www.tunisienumerique.com\/wp-content\/uploads\/2017\/02\/logo_tunisie_numerique.png\"\/><\/div>\n<div class=\"post-tags\"><span class=\"post-tags-header\">Sujets Connexes:<\/span><\/div>\n<div class=\"swp_social_panel swp_horizontal_panel swp_flat_fresh swp_default_full_color swp_individual_full_color swp_other_full_color scale-100 scale-\" data-min-width=\"1100\" data-float-color=\"#ffffff\" data-float=\"none\" data-float-mobile=\"none\" data-transition=\"slide\">\n<div class=\"nc_tweetContainer swp_share_button total_shares total_sharesalt\"><span class=\"swp_count\">12 <span class=\"swp_label\">Partages<\/span><\/span><\/div>\n<\/div>\n<\/div>\n<p>Auteur: ines tabana<br \/>\n<a href=\"https:\/\/www.tunisienumerique.com\/topnet-suite-au-deces-du-president-de-la-republique\/\">Cliquez ici pour lire l&rsquo;article depuis sa source.<\/a><\/p>\n","protected":false},"excerpt":{"rendered":"<p>12 Partages \u00ab Nous sommes tous \u00e0 Dieu et \u00e0 lui nous retournons \u00bb C\u2019est avec une grande \u00e9motion et une profonde tristesse que nous avons appris le d\u00e9c\u00e8s aujourd\u2019hui du Pr\u00e9sident de la R\u00e9publique. Au nom de la Direction G\u00e9n\u00e9rale et de l\u2019ensemble des collaborateurs de TOPNET, nous adressons nos plus sinc\u00e8res condol\u00e9ances \u00e0 [&hellip;]<\/p>\n","protected":false},"author":1789,"featured_media":48671,"comment_status":"closed","ping_status":"closed","sticky":false,"template":"","format":"standard","meta":{"fifu_image_url":"","fifu_image_alt":"","footnotes":""},"categories":[73,55],"tags":[],"class_list":["post-48670","post","type-post","status-publish","format-standard","has-post-thumbnail","hentry","category-actualite","category-tunisie"],"_links":{"self":[{"href":"https:\/\/linitiative.ca\/International\/wp-json\/wp\/v2\/posts\/48670","targetHints":{"allow":["GET"]}}],"collection":[{"href":"https:\/\/linitiative.ca\/International\/wp-json\/wp\/v2\/posts"}],"about":[{"href":"https:\/\/linitiative.ca\/International\/wp-json\/wp\/v2\/types\/post"}],"author":[{"embeddable":true,"href":"https:\/\/linitiative.ca\/International\/wp-json\/wp\/v2\/users\/1789"}],"replies":[{"embeddable":true,"href":"https:\/\/linitiative.ca\/International\/wp-json\/wp\/v2\/comments?post=48670"}],"version-history":[{"count":0,"href":"https:\/\/linitiative.ca\/International\/wp-json\/wp\/v2\/posts\/48670\/revisions"}],"wp:featuredmedia":[{"embeddable":true,"href":"https:\/\/linitiative.ca\/International\/wp-json\/"}],"wp:attachment":[{"href":"https:\/\/linitiative.ca\/International\/wp-json\/wp\/v2\/media?parent=48670"}],"wp:term":[{"taxonomy":"category","embeddable":true,"href":"https:\/\/linitiative.ca\/International\/wp-json\/wp\/v2\/categories?post=48670"},{"taxonomy":"post_tag","embeddable":true,"href":"https:\/\/linitiative.ca\/International\/wp-json\/wp\/v2\/tags?post=48670"}],"curies":[{"name":"wp","href":"https:\/\/api.w.org\/{rel}","templated":true}]}}