{"id":48674,"date":"2019-07-26T06:51:05","date_gmt":"2019-07-26T10:51:05","guid":{"rendered":"https:\/\/linitiative.ca\/International\/tunisie-transfert-de-la-depouille-du-president-de-la-republique-de-lhopital-militaire-au-palais-de-carthage\/"},"modified":"2019-07-26T06:51:05","modified_gmt":"2019-07-26T10:51:05","slug":"tunisie-transfert-de-la-depouille-du-president-de-la-republique-de-lhopital-militaire-au-palais-de-carthage","status":"publish","type":"post","link":"https:\/\/linitiative.ca\/International\/tunisie-transfert-de-la-depouille-du-president-de-la-republique-de-lhopital-militaire-au-palais-de-carthage\/","title":{"rendered":"Tunisie: Transfert de la d\u00e9pouille du pr\u00e9sident de la R\u00e9publique de l\u2019h\u00f4pital militaire au Palais de Carthage"},"content":{"rendered":"<div class=\"post-cont-in left relative\">\n<div class=\"swp_social_panel swp_horizontal_panel swp_flat_fresh swp_default_full_color swp_individual_full_color swp_other_full_color scale-100 scale-\" data-min-width=\"1100\" data-float-color=\"#ffffff\" data-float=\"none\" data-float-mobile=\"none\" data-transition=\"slide\">\n<div class=\"nc_tweetContainer swp_share_button total_shares total_sharesalt\"><span class=\"swp_count\">11 <span class=\"swp_label\">Partages<\/span><\/span><\/div>\n<\/div>\n<p>La d\u00e9pouille du pr\u00e9sident de la R\u00e9publique, B\u00e9ji Ca\u00efd Essebsi, a \u00e9t\u00e9 transf\u00e9r\u00e9e ce vendredi 26 juillet de l\u2019h\u00f4pital militaire vers le palais de Carthage.<\/p>\n<p>Encadr\u00e9 par une unit\u00e9 de la cavalerie pr\u00e9sidentielle, le cort\u00e8ge fun\u00e8bre \u00e9tait accompagn\u00e9 d\u2019un d\u00e9tachement de motards.<\/p>\n<div class=\"code-block code-block-1 c5\"><ins class=\"adsbygoogle c4\" data-ad-layout=\"in-article\" data-ad-format=\"fluid\" data-ad-client=\"ca-pub-2102118777505746\" data-ad-slot=\"7301775417\"\/> <\/div>\n<p>A noter que le pr\u00e9sident de la R\u00e9publique sera inhum\u00e9 au cimeti\u00e8re El-Jellaz \u00e0 Tunis, en pr\u00e9sence de plusieurs chefs d\u2019Etats et personnalit\u00e9s nationales et internationales.<\/p>\n<p>Plusieurs pays arabes et islamique ont proclam\u00e9 trois jours de deuil \u00e0 la m\u00e9moire du pr\u00e9sident d\u00e9funt.<\/p>\n<div class=\"mvp-org-wrap mvp-org-logo\" itemprop=\"publisher\" itemscope=\"\" itemtype=\"https:\/\/schema.org\/Organization\"><img decoding=\"async\" src=\"https:\/\/www.tunisienumerique.com\/wp-content\/uploads\/2017\/02\/logo_tunisie_numerique.png\"\/><\/div>\n<div class=\"swp_social_panel swp_horizontal_panel swp_flat_fresh swp_default_full_color swp_individual_full_color swp_other_full_color scale-100 scale-\" data-min-width=\"1100\" data-float-color=\"#ffffff\" data-float=\"none\" data-float-mobile=\"none\" data-transition=\"slide\">\n<div class=\"nc_tweetContainer swp_share_button total_shares total_sharesalt\"><span class=\"swp_count\">11 <span class=\"swp_label\">Partages<\/span><\/span><\/div>\n<\/div>\n<div class=\"mvp-related-posts left relative\">\n<h4 class=\"post-header\"><span class=\"post-header\">Lire aussi<\/span><\/h4>\n<\/div>\n<\/div>\n<p>Auteur: Mourad S<br \/>\n<a href=\"https:\/\/www.tunisienumerique.com\/tunisie-transfert-de-la-depouille-du-president-de-la-republique-de-lhopital-militaire-au-palais-de-carthage\/\">Cliquez ici pour lire l&rsquo;article depuis sa source.<\/a><\/p>\n","protected":false},"excerpt":{"rendered":"<p>11 Partages La d\u00e9pouille du pr\u00e9sident de la R\u00e9publique, B\u00e9ji Ca\u00efd Essebsi, a \u00e9t\u00e9 transf\u00e9r\u00e9e ce vendredi 26 juillet de l\u2019h\u00f4pital militaire vers le palais de Carthage. Encadr\u00e9 par une unit\u00e9 de la cavalerie pr\u00e9sidentielle, le cort\u00e8ge fun\u00e8bre \u00e9tait accompagn\u00e9 d\u2019un d\u00e9tachement de motards. A noter que le pr\u00e9sident de la R\u00e9publique sera inhum\u00e9 au [&hellip;]<\/p>\n","protected":false},"author":1789,"featured_media":48675,"comment_status":"closed","ping_status":"closed","sticky":false,"template":"","format":"standard","meta":{"fifu_image_url":"","fifu_image_alt":"","footnotes":""},"categories":[73,55],"tags":[],"class_list":["post-48674","post","type-post","status-publish","format-standard","has-post-thumbnail","hentry","category-actualite","category-tunisie"],"_links":{"self":[{"href":"https:\/\/linitiative.ca\/International\/wp-json\/wp\/v2\/posts\/48674","targetHints":{"allow":["GET"]}}],"collection":[{"href":"https:\/\/linitiative.ca\/International\/wp-json\/wp\/v2\/posts"}],"about":[{"href":"https:\/\/linitiative.ca\/International\/wp-json\/wp\/v2\/types\/post"}],"author":[{"embeddable":true,"href":"https:\/\/linitiative.ca\/International\/wp-json\/wp\/v2\/users\/1789"}],"replies":[{"embeddable":true,"href":"https:\/\/linitiative.ca\/International\/wp-json\/wp\/v2\/comments?post=48674"}],"version-history":[{"count":0,"href":"https:\/\/linitiative.ca\/International\/wp-json\/wp\/v2\/posts\/48674\/revisions"}],"wp:featuredmedia":[{"embeddable":true,"href":"https:\/\/linitiative.ca\/International\/wp-json\/"}],"wp:attachment":[{"href":"https:\/\/linitiative.ca\/International\/wp-json\/wp\/v2\/media?parent=48674"}],"wp:term":[{"taxonomy":"category","embeddable":true,"href":"https:\/\/linitiative.ca\/International\/wp-json\/wp\/v2\/categories?post=48674"},{"taxonomy":"post_tag","embeddable":true,"href":"https:\/\/linitiative.ca\/International\/wp-json\/wp\/v2\/tags?post=48674"}],"curies":[{"name":"wp","href":"https:\/\/api.w.org\/{rel}","templated":true}]}}