{"id":48683,"date":"2019-07-26T07:08:04","date_gmt":"2019-07-26T11:08:04","guid":{"rendered":"https:\/\/linitiative.ca\/International\/tunisie-hommage-de-la-sorbonne-a-beji-caied-essebsi\/"},"modified":"2019-07-26T07:08:04","modified_gmt":"2019-07-26T11:08:04","slug":"tunisie-hommage-de-la-sorbonne-a-beji-caied-essebsi","status":"publish","type":"post","link":"https:\/\/linitiative.ca\/International\/tunisie-hommage-de-la-sorbonne-a-beji-caied-essebsi\/","title":{"rendered":"Tunisie: Hommage de la Sorbonne \u00e0 B\u00e9ji Ca\u00efed Essebsi"},"content":{"rendered":"<div class=\"post-cont-in left relative\">\n<div class=\"swp_social_panel swp_horizontal_panel swp_flat_fresh swp_default_full_color swp_individual_full_color swp_other_full_color scale-100 scale-\" data-min-width=\"1100\" data-float-color=\"#ffffff\" data-float=\"none\" data-float-mobile=\"none\" data-transition=\"slide\">\n<div class=\"nc_tweetContainer swp_share_button total_shares total_sharesalt\"><span class=\"swp_count\">16 <span class=\"swp_label\">Partages<\/span><\/span><\/div>\n<\/div>\n<p>La vice-pr\u00e9sidente de l\u2019Universit\u00e9 Paris 1 Panth\u00e9on-Sorbonne, a fait un tr\u00e8s bel \u00e9loge du pr\u00e9sident de la R\u00e9publique, B\u00e9ji Ca\u00efed Essebsi, d\u00e9c\u00e9d\u00e9 jeudi 25 juillet 2019, le d\u00e9funt ayant \u00e9tudi\u00e9 \u00e0 la Facult\u00e9 de Droit de Paris de 1949 \u00e0 1952, une information publi\u00e9e sur le site Leaders.<\/p>\n<p>Le 7 avril 2015,\u00a0il a \u00e9t\u00e9\u00a0\u00a0fait docteur\u00a0\u00a0honoris causa et\u00a0la c\u00e9r\u00e9monie s\u2019est d\u00e9roul\u00e9e en pr\u00e9sence de nombreuses personnalit\u00e9s. C\u2019\u00e9tait Philippe Boutry, Pr\u00e9sident de l\u2019Universit\u00e9 Paris 1 Panth\u00e9on-Sorbonne qui lui avait remis les insignes de la distinction.<\/p>\n<div class=\"code-block code-block-1 c5\"><ins class=\"adsbygoogle c4\" data-ad-layout=\"in-article\" data-ad-format=\"fluid\" data-ad-client=\"ca-pub-2102118777505746\" data-ad-slot=\"7301775417\"\/> <\/div>\n<div class=\"mvp-org-wrap mvp-org-logo\" itemprop=\"publisher\" itemscope=\"\" itemtype=\"https:\/\/schema.org\/Organization\"><img decoding=\"async\" src=\"https:\/\/www.tunisienumerique.com\/wp-content\/uploads\/2017\/02\/logo_tunisie_numerique.png\"\/><\/div>\n<div class=\"swp_social_panel swp_horizontal_panel swp_flat_fresh swp_default_full_color swp_individual_full_color swp_other_full_color scale-100 scale-\" data-min-width=\"1100\" data-float-color=\"#ffffff\" data-float=\"none\" data-float-mobile=\"none\" data-transition=\"slide\">\n<div class=\"nc_tweetContainer swp_share_button total_shares total_sharesalt\"><span class=\"swp_count\">16 <span class=\"swp_label\">Partages<\/span><\/span><\/div>\n<\/div>\n<div class=\"mvp-related-posts left relative\">\n<h4 class=\"post-header\"><span class=\"post-header\">Lire aussi<\/span><\/h4>\n<\/div>\n<\/div>\n<p>Auteur: Mourad S<br \/>\n<a href=\"https:\/\/www.tunisienumerique.com\/tunisie-hommage-de-la-sorbonne-a-beji-caied-essebsi\/\">Cliquez ici pour lire l&rsquo;article depuis sa source.<\/a><\/p>\n","protected":false},"excerpt":{"rendered":"<p>16 Partages La vice-pr\u00e9sidente de l\u2019Universit\u00e9 Paris 1 Panth\u00e9on-Sorbonne, a fait un tr\u00e8s bel \u00e9loge du pr\u00e9sident de la R\u00e9publique, B\u00e9ji Ca\u00efed Essebsi, d\u00e9c\u00e9d\u00e9 jeudi 25 juillet 2019, le d\u00e9funt ayant \u00e9tudi\u00e9 \u00e0 la Facult\u00e9 de Droit de Paris de 1949 \u00e0 1952, une information publi\u00e9e sur le site Leaders. Le 7 avril 2015,\u00a0il a [&hellip;]<\/p>\n","protected":false},"author":1789,"featured_media":48684,"comment_status":"closed","ping_status":"closed","sticky":false,"template":"","format":"standard","meta":{"fifu_image_url":"","fifu_image_alt":"","footnotes":""},"categories":[73,55],"tags":[],"class_list":["post-48683","post","type-post","status-publish","format-standard","has-post-thumbnail","hentry","category-actualite","category-tunisie"],"_links":{"self":[{"href":"https:\/\/linitiative.ca\/International\/wp-json\/wp\/v2\/posts\/48683","targetHints":{"allow":["GET"]}}],"collection":[{"href":"https:\/\/linitiative.ca\/International\/wp-json\/wp\/v2\/posts"}],"about":[{"href":"https:\/\/linitiative.ca\/International\/wp-json\/wp\/v2\/types\/post"}],"author":[{"embeddable":true,"href":"https:\/\/linitiative.ca\/International\/wp-json\/wp\/v2\/users\/1789"}],"replies":[{"embeddable":true,"href":"https:\/\/linitiative.ca\/International\/wp-json\/wp\/v2\/comments?post=48683"}],"version-history":[{"count":0,"href":"https:\/\/linitiative.ca\/International\/wp-json\/wp\/v2\/posts\/48683\/revisions"}],"wp:featuredmedia":[{"embeddable":true,"href":"https:\/\/linitiative.ca\/International\/wp-json\/"}],"wp:attachment":[{"href":"https:\/\/linitiative.ca\/International\/wp-json\/wp\/v2\/media?parent=48683"}],"wp:term":[{"taxonomy":"category","embeddable":true,"href":"https:\/\/linitiative.ca\/International\/wp-json\/wp\/v2\/categories?post=48683"},{"taxonomy":"post_tag","embeddable":true,"href":"https:\/\/linitiative.ca\/International\/wp-json\/wp\/v2\/tags?post=48683"}],"curies":[{"name":"wp","href":"https:\/\/api.w.org\/{rel}","templated":true}]}}