{"id":48686,"date":"2019-07-26T07:25:00","date_gmt":"2019-07-26T11:25:00","guid":{"rendered":"https:\/\/linitiative.ca\/International\/tunisie-hafedh-caid-sebsi-beji-caid-sebsi-etait-certes-un-president-et-un-leader-politique-mais-il-etait-aussi-un-pere\/"},"modified":"2019-07-26T07:25:00","modified_gmt":"2019-07-26T11:25:00","slug":"tunisie-hafedh-caid-sebsi-beji-caid-sebsi-etait-certes-un-president-et-un-leader-politique-mais-il-etait-aussi-un-pere","status":"publish","type":"post","link":"https:\/\/linitiative.ca\/International\/tunisie-hafedh-caid-sebsi-beji-caid-sebsi-etait-certes-un-president-et-un-leader-politique-mais-il-etait-aussi-un-pere\/","title":{"rendered":"Tunisie-Hafedh Ca\u00efd Sebsi \u201cBeji Ca\u00efd Sebsi \u00e9tait certes un pr\u00e9sident et un leader politique mais il \u00e9tait aussi un p\u00e8re\u201d"},"content":{"rendered":"<div class=\"post-cont-in left relative\">\n<div class=\"swp_social_panel swp_horizontal_panel swp_flat_fresh swp_default_full_color swp_individual_full_color swp_other_full_color scale-100 scale-\" data-min-width=\"1100\" data-float-color=\"#ffffff\" data-float=\"none\" data-float-mobile=\"none\" data-transition=\"slide\">\n<div class=\"nc_tweetContainer swp_share_button total_shares total_sharesalt\"><span class=\"swp_count\">65 <span class=\"swp_label\">Partages<\/span><\/span><\/div>\n<\/div>\n<p>Hafedh Ca\u00efd Sebsi, fils du pr\u00e9sident, feu Beji Ca\u00efd Sebsi a accord\u00e9 sa premi\u00e8re d\u00e9claration suite au d\u00e9c\u00e8s de son p\u00e8re au micro de Shems FM.<\/p>\n<p>Il a affirm\u00e9 que le d\u00e9funt lui a donn\u00e9 des conseils sur les plans familial et politique.<\/p>\n<div class=\"code-block code-block-1 c5\"><ins class=\"adsbygoogle c4\" data-ad-layout=\"in-article\" data-ad-format=\"fluid\" data-ad-client=\"ca-pub-2102118777505746\" data-ad-slot=\"7301775417\"\/> <\/div>\n<p>\u00ab Beji Ca\u00efd Sebsi \u00e9tait certes un pr\u00e9sident et un leader politique mais il \u00e9tait aussi un p\u00e8re. Je garderai ses conseils paternels pour moi\u00a0\u00bb a-t-il lanc\u00e9 ajoutant que B\u00e9ji Ca\u00efd Essebsi voulait que les tunisiens restent unis et que l\u2019image de la Tunisie\u00a0demeure rayonnante apr\u00e8s sa mort.<\/p>\n<p>Le fils du d\u00e9funt pr\u00e9sident a soulign\u00e9 que le staff m\u00e9dical du chef de la R\u00e9publique publiera bient\u00f4t le rapport concernant les causes de son d\u00e9c\u00e8s.<\/p>\n<div class=\"mvp-org-wrap mvp-org-logo\" itemprop=\"publisher\" itemscope=\"\" itemtype=\"https:\/\/schema.org\/Organization\"><img decoding=\"async\" src=\"https:\/\/www.tunisienumerique.com\/wp-content\/uploads\/2017\/02\/logo_tunisie_numerique.png\"\/><\/div>\n<div class=\"swp_social_panel swp_horizontal_panel swp_flat_fresh swp_default_full_color swp_individual_full_color swp_other_full_color scale-100 scale-\" data-min-width=\"1100\" data-float-color=\"#ffffff\" data-float=\"none\" data-float-mobile=\"none\" data-transition=\"slide\">\n<div class=\"nc_tweetContainer swp_share_button total_shares total_sharesalt\"><span class=\"swp_count\">65 <span class=\"swp_label\">Partages<\/span><\/span><\/div>\n<\/div>\n<div class=\"mvp-related-posts left relative\">\n<h4 class=\"post-header\"><span class=\"post-header\">Lire aussi<\/span><\/h4>\n<\/div>\n<\/div>\n<p>Auteur: Laameri Dorsaf<br \/>\n<a href=\"https:\/\/www.tunisienumerique.com\/tunisie-hafedh-caid-sebsi-beji-caid-sebsi-etait-certes-un-president-et-un-leader-politique-mais-il-etait-aussi-un-pere\/\">Cliquez ici pour lire l&rsquo;article depuis sa source.<\/a><\/p>\n","protected":false},"excerpt":{"rendered":"<p>65 Partages Hafedh Ca\u00efd Sebsi, fils du pr\u00e9sident, feu Beji Ca\u00efd Sebsi a accord\u00e9 sa premi\u00e8re d\u00e9claration suite au d\u00e9c\u00e8s de son p\u00e8re au micro de Shems FM. Il a affirm\u00e9 que le d\u00e9funt lui a donn\u00e9 des conseils sur les plans familial et politique. \u00ab Beji Ca\u00efd Sebsi \u00e9tait certes un pr\u00e9sident et un [&hellip;]<\/p>\n","protected":false},"author":1789,"featured_media":48687,"comment_status":"closed","ping_status":"closed","sticky":false,"template":"","format":"standard","meta":{"fifu_image_url":"","fifu_image_alt":"","footnotes":""},"categories":[73,55],"tags":[],"class_list":["post-48686","post","type-post","status-publish","format-standard","has-post-thumbnail","hentry","category-actualite","category-tunisie"],"_links":{"self":[{"href":"https:\/\/linitiative.ca\/International\/wp-json\/wp\/v2\/posts\/48686","targetHints":{"allow":["GET"]}}],"collection":[{"href":"https:\/\/linitiative.ca\/International\/wp-json\/wp\/v2\/posts"}],"about":[{"href":"https:\/\/linitiative.ca\/International\/wp-json\/wp\/v2\/types\/post"}],"author":[{"embeddable":true,"href":"https:\/\/linitiative.ca\/International\/wp-json\/wp\/v2\/users\/1789"}],"replies":[{"embeddable":true,"href":"https:\/\/linitiative.ca\/International\/wp-json\/wp\/v2\/comments?post=48686"}],"version-history":[{"count":0,"href":"https:\/\/linitiative.ca\/International\/wp-json\/wp\/v2\/posts\/48686\/revisions"}],"wp:featuredmedia":[{"embeddable":true,"href":"https:\/\/linitiative.ca\/International\/wp-json\/"}],"wp:attachment":[{"href":"https:\/\/linitiative.ca\/International\/wp-json\/wp\/v2\/media?parent=48686"}],"wp:term":[{"taxonomy":"category","embeddable":true,"href":"https:\/\/linitiative.ca\/International\/wp-json\/wp\/v2\/categories?post=48686"},{"taxonomy":"post_tag","embeddable":true,"href":"https:\/\/linitiative.ca\/International\/wp-json\/wp\/v2\/tags?post=48686"}],"curies":[{"name":"wp","href":"https:\/\/api.w.org\/{rel}","templated":true}]}}