{"id":48688,"date":"2019-07-26T08:13:02","date_gmt":"2019-07-26T12:13:02","guid":{"rendered":"https:\/\/linitiative.ca\/International\/drame-del-haouz-15-corps-repeches\/"},"modified":"2019-07-26T08:13:02","modified_gmt":"2019-07-26T12:13:02","slug":"drame-del-haouz-15-corps-repeches","status":"publish","type":"post","link":"https:\/\/linitiative.ca\/International\/drame-del-haouz-15-corps-repeches\/","title":{"rendered":"Drame d\u2019El Haouz : 15 corps rep\u00each\u00e9s"},"content":{"rendered":"<p><strong>Sur les 18 personnes disparues suite au glissement de terrain survenu sur une route montagneuse dans la province d\u2019El Haouz, les autorit\u00e9s ont extrait 15 corps parmi les occupants du v\u00e9hicule qui fut enterr\u00e9 sous les d\u00e9combres.<\/strong><\/p>\n<div class=\"c10\"\/>\n<p>Les \u00e9quipes de secours ont r\u00e9ussi, dans la nuit de jeudi \u00e0 vendredi, \u00e0 rep\u00eacher les corps de 15 personnes (11 femmes, trois hommes et un enfant) qui \u00e9taient \u00e0 bord d\u2019un v\u00e9hicule de transport mixte enseveli sous la coul\u00e9e de boue et les amas de rochers et de terre au niveau du douar Touk Al Khair (cercle Asni), dus \u00e0 des pluies torrentielles enregistr\u00e9es dans la r\u00e9gion, ont indiqu\u00e9 les autorit\u00e9s locales de la province d\u2019Al Haouz.<\/p>\n<p>Lire aussi : <a href=\"https:\/\/www.challenge.ma\/drame-del-haouz-les-corps-de-deux-victimes-retrouves-113814\/\">Drame d\u2019El Haouz\u00a0: les corps de deux victimes retrouv\u00e9s<\/a><\/p>\n<p>De fortes averses orageuses ont frapp\u00e9 des zones montagneuses de la province d\u2019Al Haouz \u00e0 partir du mercredi 24 juillet 2019, provoquant un important \u00e9boulement et glissement de terrain ayant atteint pr\u00e8s de 20 m\u00e8tre de hauteur, particuli\u00e8rement entre les points kilom\u00e9triques 226 et 233 sur la route nationale No 7.\u00a0<\/p>\n<div class=\"c17\">\n<fieldset class=\"c16\">\n<legend><strong><span class=\"c11\">Challenge<\/span><span class=\"c12\">news<\/span><\/strong><\/legend>\n<div class=\"c15\">Le meilleur de la r\u00e9daction s\u00e9lectionn\u00e9 par Challenge :<\/p>\n<\/div>\n<\/fieldset>\n<\/div>\n<p>Auteur: Hassan Manyani<br \/>\n<a href=\"https:\/\/www.challenge.ma\/drame-del-haouz-15-corps-repeches-113900\/\">Cliquez ici pour lire l&rsquo;article depuis sa source.<\/a><\/p>\n","protected":false},"excerpt":{"rendered":"<p>Sur les 18 personnes disparues suite au glissement de terrain survenu sur une route montagneuse dans la province d\u2019El Haouz, les autorit\u00e9s ont extrait 15 corps parmi les occupants du v\u00e9hicule qui fut enterr\u00e9 sous les d\u00e9combres. Les \u00e9quipes de secours ont r\u00e9ussi, dans la nuit de jeudi \u00e0 vendredi, \u00e0 rep\u00eacher les corps de [&hellip;]<\/p>\n","protected":false},"author":1787,"featured_media":0,"comment_status":"closed","ping_status":"closed","sticky":false,"template":"","format":"standard","meta":{"fifu_image_url":"","fifu_image_alt":"","footnotes":""},"categories":[78,54],"tags":[],"class_list":["post-48688","post","type-post","status-publish","format-standard","hentry","category-economie","category-maroc"],"_links":{"self":[{"href":"https:\/\/linitiative.ca\/International\/wp-json\/wp\/v2\/posts\/48688","targetHints":{"allow":["GET"]}}],"collection":[{"href":"https:\/\/linitiative.ca\/International\/wp-json\/wp\/v2\/posts"}],"about":[{"href":"https:\/\/linitiative.ca\/International\/wp-json\/wp\/v2\/types\/post"}],"author":[{"embeddable":true,"href":"https:\/\/linitiative.ca\/International\/wp-json\/wp\/v2\/users\/1787"}],"replies":[{"embeddable":true,"href":"https:\/\/linitiative.ca\/International\/wp-json\/wp\/v2\/comments?post=48688"}],"version-history":[{"count":0,"href":"https:\/\/linitiative.ca\/International\/wp-json\/wp\/v2\/posts\/48688\/revisions"}],"wp:attachment":[{"href":"https:\/\/linitiative.ca\/International\/wp-json\/wp\/v2\/media?parent=48688"}],"wp:term":[{"taxonomy":"category","embeddable":true,"href":"https:\/\/linitiative.ca\/International\/wp-json\/wp\/v2\/categories?post=48688"},{"taxonomy":"post_tag","embeddable":true,"href":"https:\/\/linitiative.ca\/International\/wp-json\/wp\/v2\/tags?post=48688"}],"curies":[{"name":"wp","href":"https:\/\/api.w.org\/{rel}","templated":true}]}}