{"id":48691,"date":"2019-07-26T07:18:31","date_gmt":"2019-07-26T11:18:31","guid":{"rendered":"https:\/\/linitiative.ca\/International\/une-grande-fete-musicale-au-plaisir-du-public\/"},"modified":"2019-07-26T07:18:31","modified_gmt":"2019-07-26T11:18:31","slug":"une-grande-fete-musicale-au-plaisir-du-public","status":"publish","type":"post","link":"https:\/\/linitiative.ca\/International\/une-grande-fete-musicale-au-plaisir-du-public\/","title":{"rendered":"Une grande f\u00eate musicale au plaisir du public!"},"content":{"rendered":"<p class=\"c4\"><strong><span class=\"c3\"><span class=\"c2\">U<\/span>ne aubine !\u00a0 Le festival des plages Maroc Telecom poursuit son p\u00e9riple dans les diff\u00e9rentes villes marocaines. C\u2019est l\u2019\u00e9t\u00e9\u2026 En effet, il n\u2019y a pas mieux que la musique et les rythmes pour meubler les soir\u00e9es nocturnes des estivants et les amoureux des vagues et de la mer.<\/span><\/strong><\/p>\n<p class=\"c4\">Sur sc\u00e8ne de la ville de M\u2019diq, le chanteur \u00a0Issam Kamal a livr\u00e9 Mardi 23 juillet un des beaux concerts de cette \u00e9dition devant un jeune public assoiff\u00e9 \u00e0 la musique et \u00e0 la f\u00eate. La m\u00eame sc\u00e8ne a accueilli mercredi 24 juillet la jeune artiste et chanteuse Manal Benchlikha qui a fait danser ses fans en donnant un concert \u00e9lectrique.<\/p>\n<p class=\"c4\">Par ailleurs, la programmation musicale a connu la participation du chanteur du Rai alg\u00e9rien Kader Japonais qui s\u2019est produit sur la\u00a0 m\u00eame sc\u00e8ne le jeudi 25 juillet.\u00a0 Que de la musique\u2026 et la ville vibrera pendant les prochains jours sur les m\u00e9lodies des artistes Ahmed Chaouki qui renouera le lien avec son public le vendredi 26 juillet,\u00a0 la chanteuse Saida Charaf le samedi 27 juillet et Mouss Mahir\u00a0 qui bouclera en beaut\u00e9 dimanche 28 juillet les concerts musicaux sur cette sc\u00e8ne.<\/p>\n<p class=\"c4\">Dans le Nord marocain toujours, plus pr\u00e9cis\u00e9ment \u00e0 la ville Al Hoceima, le chanteur Zakaria Ghafouli a ouvert le bal des concerts programm\u00e9s en jouant le lundi 22 juillet les plus beaux titres de son album en l\u2019occurrence son tube \u00e0 succ\u00e8s\u00a0 \u00abbahra bahra\u00bb.<\/p>\n<p class=\"c4\">La f\u00eate musicale et l\u2019ambiance conviviale ont \u00e9t\u00e9 partag\u00e9es avec le public qui n\u2019a\u00a0 pas manqu\u00e9 le rendez-vous mardi 23 juillet avec l\u2019artiste Nadia Laaroussi et Saida Charaf le Mercredi 24 juillet et\u00a0 Samy Rai le jeudi 25 juillet. Ce weekend sera exceptionnellement musical et rythm\u00e9 avec deux vedettes de la musique marocaine \u00e0 savoir\u00a0 Najat Atabou qui\u00a0 se produira ce vendredi 26 juillet) et\u00a0 Ahozar\u00a0 qui mettra du feu samedi 27 juillet sur la sc\u00e8ne de la ville. Le show est promis et le spectacle aux rythmes de la musique marocaine sur toutes formes est garanti!<\/p>\n<p class=\"c4\">La sc\u00e8ne de Sa\u00efdia aura sa part des concerts du festival des plages Maroc Telecom. Elle sera en effet ouverte au public\u00a0 d\u00e8s vendredi 26 juillet avec un concert de l\u2019orchestre Berkani qui ouvrira le bal des concerts. Quant \u00e0 Talbi One, il\u00a0 rencontrera le public et les amoureux de sa musique le samedi 27 juillet. \u00a0Vivement l\u2019\u00e9t\u00e9 et ses musiques!<\/p>\n<p class=\"c5\"><strong>Mohamed Nait Youssef<\/strong><\/p>\n<p>Auteur: M&rsquo;hammed rahal<br \/>\n<a href=\"http:\/\/albayane.press.ma\/une-grande-fete-musicale-au-plaisir-du-public.html\">Cliquez ici pour lire l&rsquo;article depuis sa source.<\/a><\/p>\n","protected":false},"excerpt":{"rendered":"<p>Une aubine !\u00a0 Le festival des plages Maroc Telecom poursuit son p\u00e9riple dans les diff\u00e9rentes villes marocaines. C\u2019est l\u2019\u00e9t\u00e9\u2026 En effet, il n\u2019y a pas mieux que la musique et les rythmes pour meubler les soir\u00e9es nocturnes des estivants et les amoureux des vagues et de la mer. Sur sc\u00e8ne de la ville de M\u2019diq, [&hellip;]<\/p>\n","protected":false},"author":1760,"featured_media":0,"comment_status":"closed","ping_status":"closed","sticky":false,"template":"","format":"standard","meta":{"fifu_image_url":"","fifu_image_alt":"","footnotes":""},"categories":[73,54],"tags":[],"class_list":["post-48691","post","type-post","status-publish","format-standard","hentry","category-actualite","category-maroc"],"_links":{"self":[{"href":"https:\/\/linitiative.ca\/International\/wp-json\/wp\/v2\/posts\/48691","targetHints":{"allow":["GET"]}}],"collection":[{"href":"https:\/\/linitiative.ca\/International\/wp-json\/wp\/v2\/posts"}],"about":[{"href":"https:\/\/linitiative.ca\/International\/wp-json\/wp\/v2\/types\/post"}],"author":[{"embeddable":true,"href":"https:\/\/linitiative.ca\/International\/wp-json\/wp\/v2\/users\/1760"}],"replies":[{"embeddable":true,"href":"https:\/\/linitiative.ca\/International\/wp-json\/wp\/v2\/comments?post=48691"}],"version-history":[{"count":0,"href":"https:\/\/linitiative.ca\/International\/wp-json\/wp\/v2\/posts\/48691\/revisions"}],"wp:attachment":[{"href":"https:\/\/linitiative.ca\/International\/wp-json\/wp\/v2\/media?parent=48691"}],"wp:term":[{"taxonomy":"category","embeddable":true,"href":"https:\/\/linitiative.ca\/International\/wp-json\/wp\/v2\/categories?post=48691"},{"taxonomy":"post_tag","embeddable":true,"href":"https:\/\/linitiative.ca\/International\/wp-json\/wp\/v2\/tags?post=48691"}],"curies":[{"name":"wp","href":"https:\/\/api.w.org\/{rel}","templated":true}]}}