{"id":48692,"date":"2019-07-26T08:11:11","date_gmt":"2019-07-26T12:11:11","guid":{"rendered":"https:\/\/linitiative.ca\/International\/tunisie-video-meme-le-deces-du-president-de-la-republique-constitue-une-bonne-occasion-pour-sacharner-sur-abir-moussi\/"},"modified":"2019-07-26T08:11:11","modified_gmt":"2019-07-26T12:11:11","slug":"tunisie-video-meme-le-deces-du-president-de-la-republique-constitue-une-bonne-occasion-pour-sacharner-sur-abir-moussi","status":"publish","type":"post","link":"https:\/\/linitiative.ca\/International\/tunisie-video-meme-le-deces-du-president-de-la-republique-constitue-une-bonne-occasion-pour-sacharner-sur-abir-moussi\/","title":{"rendered":"Tunisie \u2013 VIDEO: M\u00eame le d\u00e9c\u00e8s du pr\u00e9sident de la R\u00e9publique constitue une bonne occasion pour s\u2019acharner sur Abir Moussi\u00a0!"},"content":{"rendered":"<div class=\"post-cont-in left relative\">\n<div class=\"swp_social_panel swp_horizontal_panel swp_flat_fresh swp_default_full_color swp_individual_full_color swp_other_full_color scale-100 scale-\" data-min-width=\"1100\" data-float-color=\"#ffffff\" data-float=\"none\" data-float-mobile=\"none\" data-transition=\"slide\">\n<div class=\"nc_tweetContainer swp_share_button total_shares total_sharesalt\"><span class=\"swp_count\">1 <span class=\"swp_label\">Partages<\/span><\/span><\/div>\n<\/div>\n<p>Abir Moussi, la pr\u00e9sidente du parti destourien libre, a d\u00e9menti, ce vendredi, ce qui a \u00e9t\u00e9 relay\u00e9 par des pages des r\u00e9seaux sociaux, mais aussi, a-t-elle d\u00e9plor\u00e9, par certains organes de presse \u00ab\u00a0officiels\u00a0\u00bb, comme \u00e9tant ses d\u00e9clarations en rapport avec le fait que son parti allait boycotter les fun\u00e9railles du d\u00e9funt pr\u00e9sident de la R\u00e9publique B\u00e9ji Ca\u00efed Essebsi.<\/p>\n<p>Abir Moussi a d\u00e9menti ces all\u00e9gations, et a publi\u00e9 une s\u00e9quence vid\u00e9o, pour montrer que la direction de son parti a transform\u00e9 les festivit\u00e9s de comm\u00e9moration de la f\u00eate de la R\u00e9publique, en un conseil en hommage au d\u00e9funt, et \u00e0 son action. Abir Moussi a annonc\u00e9 au cours de cet hommage, un discours pour faire part de la tristesse des partisans de la perte du d\u00e9funt pr\u00e9sident. Elle a ajout\u00e9 que le parti a adress\u00e9 ses condol\u00e9ances \u00e0 la famille de Feu B\u00e9ji Ca\u00efed Essebsi. Des condol\u00e9ances parvenues \u00e0 son fils, en personne.<\/p>\n<div class=\"code-block code-block-1 c5\"><ins class=\"adsbygoogle c4\" data-ad-layout=\"in-article\" data-ad-format=\"fluid\" data-ad-client=\"ca-pub-2102118777505746\" data-ad-slot=\"7301775417\"\/> <\/div>\n<p>Abir Moussi a condamn\u00e9, ce vendredi, les agissements de ses ennemis politiques, et leurs mensonges, pour l\u2019attaquer et la d\u00e9peindre comme un monstre qu\u2019il va falloir bannir de la sc\u00e8ne politique.<\/p>\n<p>Abir Moussi a ajout\u00e9 qu\u2019elle tiendra, ce vendredi apr\u00e8s midi, \u00e0 16 heures, une conf\u00e9rence de presse, pour mettre \u00e0 nu les agissements irresponsables et ind\u00e9cents de ses ennemis.<br \/><iframe loading=\"lazy\" class=\"c6\" src=\"https:\/\/www.facebook.com\/plugins\/video.php?href=https%3A%2F%2Fwww.facebook.com%2F1967823173521555%2Fvideos%2F2374392846220504%2F&#038;show_text=0&#038;width=560\" width=\"560\" height=\"308\" frameborder=\"0\" scrolling=\"no\" allowfullscreen=\"allowfullscreen\">[embedded content]<\/iframe><\/p>\n<p><img loading=\"lazy\" decoding=\"async\" class=\"aligncenter size-full wp-image-450723\" src=\"https:\/\/www.tunisienumerique.com\/wp-content\/uploads\/2019\/07\/moussi.jpg\" alt=\"\" width=\"640\" height=\"960\" srcset=\"https:\/\/www.tunisienumerique.com\/wp-content\/uploads\/2019\/07\/moussi.jpg 640w, https:\/\/www.tunisienumerique.com\/wp-content\/uploads\/2019\/07\/moussi-600x900.jpg 600w\" sizes=\"auto, (max-width: 640px) 100vw, 640px\"\/><\/p>\n<div class=\"mvp-org-wrap mvp-org-logo\" itemprop=\"publisher\" itemscope=\"\" itemtype=\"https:\/\/schema.org\/Organization\"><img decoding=\"async\" src=\"https:\/\/www.tunisienumerique.com\/wp-content\/uploads\/2017\/02\/logo_tunisie_numerique.png\"\/><\/div>\n<div class=\"swp_social_panel swp_horizontal_panel swp_flat_fresh swp_default_full_color swp_individual_full_color swp_other_full_color scale-100 scale-\" data-min-width=\"1100\" data-float-color=\"#ffffff\" data-float=\"none\" data-float-mobile=\"none\" data-transition=\"slide\">\n<div class=\"nc_tweetContainer swp_share_button total_shares total_sharesalt\"><span class=\"swp_count\">1 <span class=\"swp_label\">Partages<\/span><\/span><\/div>\n<\/div>\n<div class=\"mvp-related-posts left relative\">\n<h4 class=\"post-header\"><span class=\"post-header\">Lire aussi<\/span><\/h4>\n<\/div>\n<\/div>\n<p>Auteur: LM<br \/>\n<a href=\"https:\/\/www.tunisienumerique.com\/tunisie-video-meme-le-deces-du-president-de-la-republique-constitue-une-bonne-occasion-pour-sacharner-sur-abir-moussi\/\">Cliquez ici pour lire l&rsquo;article depuis sa source.<\/a><\/p>\n","protected":false},"excerpt":{"rendered":"<p>1 Partages Abir Moussi, la pr\u00e9sidente du parti destourien libre, a d\u00e9menti, ce vendredi, ce qui a \u00e9t\u00e9 relay\u00e9 par des pages des r\u00e9seaux sociaux, mais aussi, a-t-elle d\u00e9plor\u00e9, par certains organes de presse \u00ab\u00a0officiels\u00a0\u00bb, comme \u00e9tant ses d\u00e9clarations en rapport avec le fait que son parti allait boycotter les fun\u00e9railles du d\u00e9funt pr\u00e9sident de [&hellip;]<\/p>\n","protected":false},"author":1789,"featured_media":48693,"comment_status":"closed","ping_status":"closed","sticky":false,"template":"","format":"standard","meta":{"fifu_image_url":"","fifu_image_alt":"","footnotes":""},"categories":[73,55],"tags":[],"class_list":["post-48692","post","type-post","status-publish","format-standard","has-post-thumbnail","hentry","category-actualite","category-tunisie"],"_links":{"self":[{"href":"https:\/\/linitiative.ca\/International\/wp-json\/wp\/v2\/posts\/48692","targetHints":{"allow":["GET"]}}],"collection":[{"href":"https:\/\/linitiative.ca\/International\/wp-json\/wp\/v2\/posts"}],"about":[{"href":"https:\/\/linitiative.ca\/International\/wp-json\/wp\/v2\/types\/post"}],"author":[{"embeddable":true,"href":"https:\/\/linitiative.ca\/International\/wp-json\/wp\/v2\/users\/1789"}],"replies":[{"embeddable":true,"href":"https:\/\/linitiative.ca\/International\/wp-json\/wp\/v2\/comments?post=48692"}],"version-history":[{"count":0,"href":"https:\/\/linitiative.ca\/International\/wp-json\/wp\/v2\/posts\/48692\/revisions"}],"wp:featuredmedia":[{"embeddable":true,"href":"https:\/\/linitiative.ca\/International\/wp-json\/"}],"wp:attachment":[{"href":"https:\/\/linitiative.ca\/International\/wp-json\/wp\/v2\/media?parent=48692"}],"wp:term":[{"taxonomy":"category","embeddable":true,"href":"https:\/\/linitiative.ca\/International\/wp-json\/wp\/v2\/categories?post=48692"},{"taxonomy":"post_tag","embeddable":true,"href":"https:\/\/linitiative.ca\/International\/wp-json\/wp\/v2\/tags?post=48692"}],"curies":[{"name":"wp","href":"https:\/\/api.w.org\/{rel}","templated":true}]}}