{"id":48695,"date":"2019-07-26T08:00:00","date_gmt":"2019-07-26T12:00:00","guid":{"rendered":"https:\/\/linitiative.ca\/International\/les-manifestants-rejettent-le-dialogue-avec-la-bande-mafieuse\/"},"modified":"2019-07-26T08:00:00","modified_gmt":"2019-07-26T12:00:00","slug":"les-manifestants-rejettent-le-dialogue-avec-la-bande-mafieuse","status":"publish","type":"post","link":"https:\/\/linitiative.ca\/International\/les-manifestants-rejettent-le-dialogue-avec-la-bande-mafieuse\/","title":{"rendered":"Les manifestants rejettent le dialogue avec la \u00ab bande mafieuse \u00bb"},"content":{"rendered":"<div id=\"originalText\" readability=\"54\">\n<p><strong>Les centaines de manifestants qui ont investi, ce vendredi matin, \u00e0 partir de 10h30, le centre de la capitale, ont rejet\u00e9 tout dialogue avec le pouvoir en place.<\/strong><\/p>\n<p>En effet, pour ce 23e vendredi de marche contre le syst\u00e8me, les manifestants ont scand\u00e9 \u00abmakach hiwar m3a el 3issabates (y a pas de dialogue avec la bande mafieuse)\u00bb, en se dirigeant de la Grande Poste vers la rue Didouche Mourad, pour contourner l\u2019important dispositif policier d\u00e9ploy\u00e9 sur les lieux.<\/p>\n<p><iframe loading=\"lazy\" allow=\"accelerometer; autoplay; encrypted-media; gyroscope; picture-in-picture\" allowfullscreen=\"\" frameborder=\"0\" height=\"315\" src=\"https:\/\/www.youtube.com\/embed\/nZxPX5_Ys_U\" width=\"560\">[embedded content]<\/iframe><\/p>\n<p>Les manifestants ont \u00e9galement scand\u00e9 \u00able peuple veut l\u2019ind\u00e9pendance \u00bb, \u00abEtat civil et non militaire \u00bb, \u00abOn refuse un pouvoir militaire \u00bb, et \u00abLib\u00e9rez nos enfants\u00bb, en r\u00e9f\u00e9rence aux d\u00e9tenus d\u2019opinion.<\/p>\n<p><iframe loading=\"lazy\" allow=\"accelerometer; autoplay; encrypted-media; gyroscope; picture-in-picture\" allowfullscreen=\"\" frameborder=\"0\" height=\"315\" src=\"https:\/\/www.youtube.com\/embed\/wVbLtRAURbM\" width=\"560\">[embedded content]<\/iframe><\/p>\n<p><iframe loading=\"lazy\" allow=\"accelerometer; autoplay; encrypted-media; gyroscope; picture-in-picture\" allowfullscreen=\"\" frameborder=\"0\" height=\"315\" src=\"https:\/\/www.youtube.com\/embed\/USMJomzIIu0\" width=\"560\">[embedded content]<\/iframe><\/p>\n<p><iframe loading=\"lazy\" allow=\"accelerometer; autoplay; encrypted-media; gyroscope; picture-in-picture\" allowfullscreen=\"\" frameborder=\"0\" height=\"315\" src=\"https:\/\/www.youtube.com\/embed\/rJsOnLMWjy8\" width=\"560\">[embedded content]<\/iframe><\/p>\n<p><iframe loading=\"lazy\" allow=\"accelerometer; autoplay; encrypted-media; gyroscope; picture-in-picture\" allowfullscreen=\"\" frameborder=\"0\" height=\"315\" src=\"https:\/\/www.youtube.com\/embed\/vRqL02C7kmo\" width=\"560\">[embedded content]<\/iframe><\/p>\n<p class=\"c10\">\u00a0<\/p>\n<p class=\"c10\"><strong>R\u00e9daction Web<\/strong><\/p>\n<\/div>\n<div id=\"text_core\" readability=\"54\">\n<p><strong>Les centaines de manifestants qui ont investi, ce vendredi matin, \u00e0 partir de 10h30, le centre de la capitale, ont rejet\u00e9 tout dialogue avec le pouvoir en place.<\/strong><\/p>\n<p>En effet, pour ce 23e vendredi de marche contre le syst\u00e8me, les manifestants ont scand\u00e9 \u00abmakach hiwar m3a el 3issabates (y a pas de dialogue avec la bande mafieuse)\u00bb, en se dirigeant de la Grande Poste vers la rue Didouche Mourad, pour contourner l\u2019important dispositif policier d\u00e9ploy\u00e9 sur les lieux.<\/p>\n<p><iframe loading=\"lazy\" allow=\"accelerometer; autoplay; encrypted-media; gyroscope; picture-in-picture\" allowfullscreen=\"\" frameborder=\"0\" height=\"315\" src=\"https:\/\/www.youtube.com\/embed\/nZxPX5_Ys_U\" width=\"560\">[embedded content]<\/iframe><\/p>\n<p>Les manifestants ont \u00e9galement scand\u00e9 \u00able peuple veut l\u2019ind\u00e9pendance \u00bb, \u00abEtat civil et non militaire \u00bb, \u00abOn refuse un pouvoir militaire \u00bb, et \u00abLib\u00e9rez nos enfants\u00bb, en r\u00e9f\u00e9rence aux d\u00e9tenus d\u2019opinion.<\/p>\n<p><iframe loading=\"lazy\" allow=\"accelerometer; autoplay; encrypted-media; gyroscope; picture-in-picture\" allowfullscreen=\"\" frameborder=\"0\" height=\"315\" src=\"https:\/\/www.youtube.com\/embed\/wVbLtRAURbM\" width=\"560\">[embedded content]<\/iframe><\/p>\n<p><iframe loading=\"lazy\" allow=\"accelerometer; autoplay; encrypted-media; gyroscope; picture-in-picture\" allowfullscreen=\"\" frameborder=\"0\" height=\"315\" src=\"https:\/\/www.youtube.com\/embed\/USMJomzIIu0\" width=\"560\">[embedded content]<\/iframe><\/p>\n<p><iframe loading=\"lazy\" allow=\"accelerometer; autoplay; encrypted-media; gyroscope; picture-in-picture\" allowfullscreen=\"\" frameborder=\"0\" height=\"315\" src=\"https:\/\/www.youtube.com\/embed\/rJsOnLMWjy8\" width=\"560\">[embedded content]<\/iframe><\/p>\n<p><iframe loading=\"lazy\" allow=\"accelerometer; autoplay; encrypted-media; gyroscope; picture-in-picture\" allowfullscreen=\"\" frameborder=\"0\" height=\"315\" src=\"https:\/\/www.youtube.com\/embed\/vRqL02C7kmo\" width=\"560\">[embedded content]<\/iframe><\/p>\n<p class=\"c10\">\u00a0<\/p>\n<p class=\"c10\"><strong>R\u00e9daction Web<\/strong><\/p>\n<\/div>\n<p>Auteur:<br \/>\n<a href=\"https:\/\/www.liberte-algerie.com\/actualite\/les-manifestants-rejettent-le-dialogue-avec-la-bande-mafieuse-320698\">Cliquez ici pour lire l&rsquo;article depuis sa source.<\/a><\/p>\n","protected":false},"excerpt":{"rendered":"<p>Les centaines de manifestants qui ont investi, ce vendredi matin, \u00e0 partir de 10h30, le centre de la capitale, ont rejet\u00e9 tout dialogue avec le pouvoir en place. En effet, pour ce 23e vendredi de marche contre le syst\u00e8me, les manifestants ont scand\u00e9 \u00abmakach hiwar m3a el 3issabates (y a pas de dialogue avec la [&hellip;]<\/p>\n","protected":false},"author":1742,"featured_media":0,"comment_status":"closed","ping_status":"closed","sticky":false,"template":"","format":"standard","meta":{"fifu_image_url":"","fifu_image_alt":"","footnotes":""},"categories":[73,53],"tags":[],"class_list":["post-48695","post","type-post","status-publish","format-standard","hentry","category-actualite","category-algerie"],"_links":{"self":[{"href":"https:\/\/linitiative.ca\/International\/wp-json\/wp\/v2\/posts\/48695","targetHints":{"allow":["GET"]}}],"collection":[{"href":"https:\/\/linitiative.ca\/International\/wp-json\/wp\/v2\/posts"}],"about":[{"href":"https:\/\/linitiative.ca\/International\/wp-json\/wp\/v2\/types\/post"}],"author":[{"embeddable":true,"href":"https:\/\/linitiative.ca\/International\/wp-json\/wp\/v2\/users\/1742"}],"replies":[{"embeddable":true,"href":"https:\/\/linitiative.ca\/International\/wp-json\/wp\/v2\/comments?post=48695"}],"version-history":[{"count":0,"href":"https:\/\/linitiative.ca\/International\/wp-json\/wp\/v2\/posts\/48695\/revisions"}],"wp:attachment":[{"href":"https:\/\/linitiative.ca\/International\/wp-json\/wp\/v2\/media?parent=48695"}],"wp:term":[{"taxonomy":"category","embeddable":true,"href":"https:\/\/linitiative.ca\/International\/wp-json\/wp\/v2\/categories?post=48695"},{"taxonomy":"post_tag","embeddable":true,"href":"https:\/\/linitiative.ca\/International\/wp-json\/wp\/v2\/tags?post=48695"}],"curies":[{"name":"wp","href":"https:\/\/api.w.org\/{rel}","templated":true}]}}