{"id":48696,"date":"2019-07-26T12:00:36","date_gmt":"2019-07-26T16:00:36","guid":{"rendered":"https:\/\/linitiative.ca\/International\/marrakech-exposition-sur-la-richesse-du-costume-traditionnel-marocain\/"},"modified":"2019-07-26T12:00:36","modified_gmt":"2019-07-26T16:00:36","slug":"marrakech-exposition-sur-la-richesse-du-costume-traditionnel-marocain","status":"publish","type":"post","link":"https:\/\/linitiative.ca\/International\/marrakech-exposition-sur-la-richesse-du-costume-traditionnel-marocain\/","title":{"rendered":"Marrakech : Exposition sur la richesse du costume traditionnel marocain"},"content":{"rendered":"<p><iframe loading=\"lazy\" width=\"1170\" height=\"658\" src=\"https:\/\/www.youtube.com\/embed\/txpkIdabno4?feature=oembed\" frameborder=\"0\" allow=\"accelerometer; autoplay; encrypted-media; gyroscope; picture-in-picture\" allowfullscreen=\"\">[embedded content]<\/iframe><\/p>\n<div class=\"post-header-inner\">\n<div class=\"post-header-title\">\n<p>\n\t\t\t\t<span class=\"time\"><time class=\"post-published updated\" datetime=\"2019-07-26T17:00:36+00:00\"><b><b> 26 juillet 2019  <\/b> <\/b><\/time><\/span>\n\t\t\t<\/p>\n<\/p><\/div>\n<\/p><\/div>\n<div class=\"single-post-excerpt post-excerpt-bc\" readability=\"33\">\n<p>Dar El Bacha-Mus\u00e9e des Confluences \u00e0 Marrakech accueille une exposition invitant \u00e0 red\u00e9couvrir la richesse du costume traditionnel et les secrets de l\u2019\u00e9l\u00e9gance f\u00e9minine au Maroc.<\/p>\n<\/div>\n<p>Auteur: Meriem IGASS<br \/>\n<a href=\"http:\/\/www.mapmarrakech.ma\/fr\/marrakech-exposition-sur-la-richesse-du-costume-traditionnel-marocain\/\">Cliquez ici pour lire l&rsquo;article depuis sa source.<\/a><\/p>\n","protected":false},"excerpt":{"rendered":"<p>[embedded content] 26 juillet 2019 Dar El Bacha-Mus\u00e9e des Confluences \u00e0 Marrakech accueille une exposition invitant \u00e0 red\u00e9couvrir la richesse du costume traditionnel et les secrets de l\u2019\u00e9l\u00e9gance f\u00e9minine au Maroc. Auteur: Meriem IGASS Cliquez ici pour lire l&rsquo;article depuis sa source.<\/p>\n","protected":false},"author":1788,"featured_media":0,"comment_status":"closed","ping_status":"closed","sticky":false,"template":"","format":"standard","meta":{"fifu_image_url":"","fifu_image_alt":"","footnotes":""},"categories":[54,76],"tags":[],"class_list":["post-48696","post","type-post","status-publish","format-standard","hentry","category-maroc","category-regions"],"_links":{"self":[{"href":"https:\/\/linitiative.ca\/International\/wp-json\/wp\/v2\/posts\/48696","targetHints":{"allow":["GET"]}}],"collection":[{"href":"https:\/\/linitiative.ca\/International\/wp-json\/wp\/v2\/posts"}],"about":[{"href":"https:\/\/linitiative.ca\/International\/wp-json\/wp\/v2\/types\/post"}],"author":[{"embeddable":true,"href":"https:\/\/linitiative.ca\/International\/wp-json\/wp\/v2\/users\/1788"}],"replies":[{"embeddable":true,"href":"https:\/\/linitiative.ca\/International\/wp-json\/wp\/v2\/comments?post=48696"}],"version-history":[{"count":0,"href":"https:\/\/linitiative.ca\/International\/wp-json\/wp\/v2\/posts\/48696\/revisions"}],"wp:attachment":[{"href":"https:\/\/linitiative.ca\/International\/wp-json\/wp\/v2\/media?parent=48696"}],"wp:term":[{"taxonomy":"category","embeddable":true,"href":"https:\/\/linitiative.ca\/International\/wp-json\/wp\/v2\/categories?post=48696"},{"taxonomy":"post_tag","embeddable":true,"href":"https:\/\/linitiative.ca\/International\/wp-json\/wp\/v2\/tags?post=48696"}],"curies":[{"name":"wp","href":"https:\/\/api.w.org\/{rel}","templated":true}]}}