{"id":48701,"date":"2019-07-26T12:48:24","date_gmt":"2019-07-26T16:48:24","guid":{"rendered":"https:\/\/linitiative.ca\/International\/multiplication-des-feux-de-forets-a-bouira-la-faune-et-la-flore-menacee\/"},"modified":"2019-07-26T12:48:24","modified_gmt":"2019-07-26T16:48:24","slug":"multiplication-des-feux-de-forets-a-bouira-la-faune-et-la-flore-menacee","status":"publish","type":"post","link":"https:\/\/linitiative.ca\/International\/multiplication-des-feux-de-forets-a-bouira-la-faune-et-la-flore-menacee\/","title":{"rendered":"Multiplication des feux de for\u00eats \u00e0 Bouira : la faune et la flore menac\u00e9e"},"content":{"rendered":"<div>\n<div class=\"K2FeedImage\"><img decoding=\"async\" src=\"http:\/\/www.aps.dz\/media\/k2\/items\/cache\/d8b46f0d89b36685baae56355ebe4455_S.jpg\" alt=\"Multiplication des feux de for\u00eats \u00e0 Bouira : la faune et la flore menac\u00e9e\"><\/div>\n<div class=\"K2FeedIntroText\">\n<p><strong>BOUIRA- La faune et la flore sont les principales victimes des feux de for\u00eats qui se sont multipli\u00e9s ces derniers jours dans la wilaya de Bouira, notamment dans sa partie nord-est, o\u00f9 plusieurs hectares de for\u00eats et des dizaines esp\u00e8ces animales ont \u00e9t\u00e9 d\u00e9cim\u00e9s par les flammes \u00e0 Tikjda et \u00e0 Tala Rana.<\/strong><\/p>\n<\/div>\n<div class=\"K2FeedFullText\">\n<p>Durant les derni\u00e8res 24 heures, plusieurs dizaines d\u2019hectares de for\u00eats, de broussailles et de ch\u00eanes sont parties en fum\u00e9e notamment \u00e0 Tala Rana, sur les hauteurs de la commune de Saharidj (Est de Bouira), ainsi qu\u2019\u00e0 Tikjda, o\u00f9 plusieurs singes magot et autres esp\u00e8ces animales ont p\u00e9ri calcin\u00e9s sous les flammes, a-t-on constat\u00e9.<\/p>\n<p><strong>\u00ab\u00a0Les feux se sont d\u00e9clar\u00e9s depuis deux jours dans la station climatique de Tikjda et les op\u00e9rations d\u2019intervention des services des for\u00eats sont toujours en cours\u00a0\u00bb<\/strong>, a expliqu\u00e9 \u00e0 l\u2019APS Messaoud Chaoui, responsable \u00e0 la Conservation des for\u00eats de la wilaya de Bouira.<\/p>\n<p>La situation s\u2019est amplifi\u00e9e depuis quelques jours en raison de la hausse des temp\u00e9ratures et des vents qui s\u00e9vissent dans cette r\u00e9gion montagneuse, ce qui soul\u00e8ve chaque jour les inqui\u00e9tudes des habitants des villages environnants .<\/p>\n<p><strong>\u00ab\u00a0Les flammes ont failli nous d\u00e9vorer, n\u2019\u00e9tait-ce notre mobilisation et le soutien des services de la Protection civile\u00bb<\/strong>, a confi\u00e9 un citoyen de la commune d\u2019Amoar (Nord-est de Bouira).<\/p>\n<p>Dans cette municipalit\u00e9 rurale et foresti\u00e8re, les flammes ont ravag\u00e9 plusieurs hectares de v\u00e9g\u00e9tation ainsi que des animaux, dont des tortues, des li\u00e8vres, des sangliers ainsi que des bovins. Les d\u00e9g\u00e2ts auraient \u00e9t\u00e9 plus lourds n\u2019\u00e9tait-ce l\u2019intervention rapide de la colonne mobile de la protection civile qui, pr\u00e8s de sept heures plus tard, ont pu ma\u00eetriser la situation en \u00e9teignant les flammes.<\/p>\n<p>Les incendies, qui se sont d\u00e9clar\u00e9s ces deux derniers jours dans ces r\u00e9gions montagneuses de la wilaya de Bouira, ont caus\u00e9 des d\u00e9g\u00e2ts jug\u00e9s importants, dont le nombre a augment\u00e9 par rapport aux ann\u00e9es pr\u00e9c\u00e9dentes, selon la Protection civile. Depuis juin dernier, plus de 400 feux de for\u00eats ont \u00e9t\u00e9 enregistr\u00e9s jusqu\u2019au 20 juillet en cours, selon un bilan communiqu\u00e9 mercredi par la direction de la Protection civile de Bouira.<\/p>\n<p style=\"text-align: center;\">\u00a0 \u00a0 \u00a0 \u00a0 \u00a0 \u00a0 \u00a0 \u00a0 \u00a0 \u00a0 \u00a0 \u00a0 \u00a0 \u00a0 \u00a0 \u00a0 \u00a0 \u00a0 \u00a0 \u00a0 \u00a0 \u00a0 \u00a0 \u00a0 \u00a0 \u00a0 \u00a0 \u00a0\u00a0<span style=\"font-size: 10pt;\"><strong>Le manque de pistes d\u2019acc\u00e8s et d\u2019eau complique la t\u00e2che aux sapeurs pompiers<\/strong><\/span><\/p>\n<p>La majorit\u00e9 des incendies enregistr\u00e9s cette semaine \u00e9taient survenus dans des zones foresti\u00e8res et montagneuses inaccessibles aux brigades mobiles de la protection civile mobilis\u00e9es sur le terrain. \u00ab\u00a0<strong>Nos \u00e9quipes d\u2019intervention sont sur le terrain pour \u00e9teindre les feux malgr\u00e9 le manque de pistes d\u2019acc\u00e8s et d&rsquo;eau, et la colonne mobile est d\u00e9ploy\u00e9e au quotidien pour parer \u00e0 tout sinistre\u00a0\u00bb<\/strong>, avait expliqu\u00e9 le charg\u00e9 de la communication de la Protection civile, le sous-lieutenant Abdat Youcef.<\/p>\n<p>A Aguouillal, une bourgade situ\u00e9e \u00e0 l\u2019extr\u00eame nord de la commune d\u2019El Adjiba (Est de Bouira), les flammes ont failli d\u00e9truire tout le couvert v\u00e9g\u00e9tal ainsi que des zones d\u2019habitations. Les \u00e9quipes des sapeurs pompiers d\u00e9p\u00each\u00e9s sur les lieux avaient trouv\u00e9 du mal \u00e0 acc\u00e9der dans cette zone en\u00a0raison du manque de piste d\u2019acc\u00e8s ainsi que d\u2019eau.<\/p>\n<p>Les brigades de la protection civile ont \u00e9t\u00e9 contraintes \u00e0 demander l\u2019aide des habitants du village Aguouillal pour les approvisionner en eau afin qu\u2019elles puissent continuer \u00e0 \u00e9teindre le feux, qui a ravag\u00e9 plus de 10 hectares de broussailles et de for\u00eats, ainsi que des dizaines d\u2019arbres fruitiers.<\/p>\n<\/div>\n<\/div>\n<p>Auteur:<br \/>\n<a href=\"http:\/\/www.aps.dz\/regions\/92497-multiplication-des-feux-de-forets-a-bouira-la-faune-et-la-flore-menacee\">Cliquez ici pour lire l&rsquo;article depuis sa source.<\/a><\/p>\n","protected":false},"excerpt":{"rendered":"<p>BOUIRA- La faune et la flore sont les principales victimes des feux de for\u00eats qui se sont multipli\u00e9s ces derniers jours dans la wilaya de Bouira, notamment dans sa partie nord-est, o\u00f9 plusieurs hectares de for\u00eats et des dizaines esp\u00e8ces animales ont \u00e9t\u00e9 d\u00e9cim\u00e9s par les flammes \u00e0 Tikjda et \u00e0 Tala Rana. Durant les [&hellip;]<\/p>\n","protected":false},"author":1790,"featured_media":48702,"comment_status":"closed","ping_status":"closed","sticky":false,"template":"","format":"standard","meta":{"fifu_image_url":"","fifu_image_alt":"","footnotes":""},"categories":[53,76],"tags":[],"class_list":["post-48701","post","type-post","status-publish","format-standard","has-post-thumbnail","hentry","category-algerie","category-regions"],"_links":{"self":[{"href":"https:\/\/linitiative.ca\/International\/wp-json\/wp\/v2\/posts\/48701","targetHints":{"allow":["GET"]}}],"collection":[{"href":"https:\/\/linitiative.ca\/International\/wp-json\/wp\/v2\/posts"}],"about":[{"href":"https:\/\/linitiative.ca\/International\/wp-json\/wp\/v2\/types\/post"}],"author":[{"embeddable":true,"href":"https:\/\/linitiative.ca\/International\/wp-json\/wp\/v2\/users\/1790"}],"replies":[{"embeddable":true,"href":"https:\/\/linitiative.ca\/International\/wp-json\/wp\/v2\/comments?post=48701"}],"version-history":[{"count":0,"href":"https:\/\/linitiative.ca\/International\/wp-json\/wp\/v2\/posts\/48701\/revisions"}],"wp:featuredmedia":[{"embeddable":true,"href":"https:\/\/linitiative.ca\/International\/wp-json\/"}],"wp:attachment":[{"href":"https:\/\/linitiative.ca\/International\/wp-json\/wp\/v2\/media?parent=48701"}],"wp:term":[{"taxonomy":"category","embeddable":true,"href":"https:\/\/linitiative.ca\/International\/wp-json\/wp\/v2\/categories?post=48701"},{"taxonomy":"post_tag","embeddable":true,"href":"https:\/\/linitiative.ca\/International\/wp-json\/wp\/v2\/tags?post=48701"}],"curies":[{"name":"wp","href":"https:\/\/api.w.org\/{rel}","templated":true}]}}