{"id":48703,"date":"2019-07-26T15:14:15","date_gmt":"2019-07-26T19:14:15","guid":{"rendered":"https:\/\/linitiative.ca\/International\/pros-asse-boudebouz-devrait-signer-son-contrat-ce-samedi\/"},"modified":"2019-07-26T15:14:15","modified_gmt":"2019-07-26T19:14:15","slug":"pros-asse-boudebouz-devrait-signer-son-contrat-ce-samedi","status":"publish","type":"post","link":"https:\/\/linitiative.ca\/International\/pros-asse-boudebouz-devrait-signer-son-contrat-ce-samedi\/","title":{"rendered":"Pros : ASSE : Boudebouz devrait signer son contrat ce samedi"},"content":{"rendered":"<div readability=\"32\">\n<p>Auteur : <span class=\"time\">vendredi 26 juillet 2019 19:27<\/span><\/p>\n<\/div>\n<div id=\"post_core\" readability=\"42\">\n<p>Comme pressenti, Saint-Etienne dispose d&rsquo;un accord total avec le Betis S\u00e9ville pour 3,5 millions d&rsquo;euros.<\/p>\n<p>Selon les informations du quotidien L&rsquo;Equipe ce vendredi, l&rsquo;international alg\u00e9rien a pass\u00e9 la premi\u00e8re partie de sa visite m\u00e9dicale avec l&rsquo;ASSE. Samedi, l&rsquo;ancien Montpelli\u00e9rain va r\u00e9aliser la seconde partie avant de parapher un contrat avec les St\u00e9phanois pour les trois prochaines ann\u00e9es comme l&rsquo;indique Maxifoot. Une belle pioche pour le dernier 4e de Ligue 1.<\/p>\n<p><strong>Publi\u00e9 dans :<\/strong> <span>boudebouz<\/span><\/p>\n<\/div>\n<p>Auteur:<br \/>\n<a href=\"http:\/\/www.lebuteur.com\/article\/detail?titre=asse-boudebouz-devrait-signer-son-contrat-ce-samedi&#038;id=90687&#038;utm_source=feedburner&#038;utm_medium=feed&#038;utm_campaign=Feed%3A+GalerieFArtciles+%28Les+derniers+articles++-+lebuteur.com%29\">Cliquez ici pour lire l&rsquo;article depuis sa source.<\/a><\/p>\n","protected":false},"excerpt":{"rendered":"<p>Auteur : vendredi 26 juillet 2019 19:27 Comme pressenti, Saint-Etienne dispose d&rsquo;un accord total avec le Betis S\u00e9ville pour 3,5 millions d&rsquo;euros. Selon les informations du quotidien L&rsquo;Equipe ce vendredi, l&rsquo;international alg\u00e9rien a pass\u00e9 la premi\u00e8re partie de sa visite m\u00e9dicale avec l&rsquo;ASSE. Samedi, l&rsquo;ancien Montpelli\u00e9rain va r\u00e9aliser la seconde partie avant de parapher un [&hellip;]<\/p>\n","protected":false},"author":1738,"featured_media":48704,"comment_status":"closed","ping_status":"closed","sticky":false,"template":"","format":"standard","meta":{"fifu_image_url":"","fifu_image_alt":"","footnotes":""},"categories":[53,75],"tags":[],"class_list":["post-48703","post","type-post","status-publish","format-standard","has-post-thumbnail","hentry","category-algerie","category-sport"],"_links":{"self":[{"href":"https:\/\/linitiative.ca\/International\/wp-json\/wp\/v2\/posts\/48703","targetHints":{"allow":["GET"]}}],"collection":[{"href":"https:\/\/linitiative.ca\/International\/wp-json\/wp\/v2\/posts"}],"about":[{"href":"https:\/\/linitiative.ca\/International\/wp-json\/wp\/v2\/types\/post"}],"author":[{"embeddable":true,"href":"https:\/\/linitiative.ca\/International\/wp-json\/wp\/v2\/users\/1738"}],"replies":[{"embeddable":true,"href":"https:\/\/linitiative.ca\/International\/wp-json\/wp\/v2\/comments?post=48703"}],"version-history":[{"count":0,"href":"https:\/\/linitiative.ca\/International\/wp-json\/wp\/v2\/posts\/48703\/revisions"}],"wp:featuredmedia":[{"embeddable":true,"href":"https:\/\/linitiative.ca\/International\/wp-json\/"}],"wp:attachment":[{"href":"https:\/\/linitiative.ca\/International\/wp-json\/wp\/v2\/media?parent=48703"}],"wp:term":[{"taxonomy":"category","embeddable":true,"href":"https:\/\/linitiative.ca\/International\/wp-json\/wp\/v2\/categories?post=48703"},{"taxonomy":"post_tag","embeddable":true,"href":"https:\/\/linitiative.ca\/International\/wp-json\/wp\/v2\/tags?post=48703"}],"curies":[{"name":"wp","href":"https:\/\/api.w.org\/{rel}","templated":true}]}}