{"id":48707,"date":"2019-07-26T15:18:56","date_gmt":"2019-07-26T19:18:56","guid":{"rendered":"https:\/\/linitiative.ca\/International\/tunisie-deces-du-president-beji-caid-essebsi\/"},"modified":"2019-07-26T15:18:56","modified_gmt":"2019-07-26T19:18:56","slug":"tunisie-deces-du-president-beji-caid-essebsi","status":"publish","type":"post","link":"https:\/\/linitiative.ca\/International\/tunisie-deces-du-president-beji-caid-essebsi\/","title":{"rendered":"Tunisie : D\u00e9c\u00e8s du pr\u00e9sident B\u00e9ji Ca\u00efd Essebsi"},"content":{"rendered":"<p><strong>Le pr\u00e9sident tunisien B\u00e9ji Ca\u00efd Essebsi est d\u00e9c\u00e9d\u00e9 jeudi matin \u00e0 l\u2019h\u00f4pital militaire de Tunis, \u00e0 l&rsquo;\u00e2ge de 92 ans, quelques heures apr\u00e8s son hospitalisation en soins intensifs, a annonc\u00e9 la pr\u00e9sidence dans un bref communiqu\u00e9.<\/strong><\/p>\n<p>La t\u00e9l\u00e9vision nationale a arr\u00eat\u00e9 ses programmes pour diffuser des versets du saint Coran, avant d&rsquo;annoncer que le pr\u00e9sident est d\u00e9c\u00e9d\u00e9 jeudi \u00e0 10H25 (09h25 GMT).<\/p>\n<p>A la t\u00eate de l&rsquo;Etat tunisien depuis d\u00e9cembre 2014, le v\u00e9t\u00e9ran politique Ca\u00efd Essebsi avait \u00e9t\u00e9 admis le mois dernier \u00e0 l&rsquo;h\u00f4pital militaire du Tunis \u00e0 la suite d&rsquo;un \u00ab\u00a0s\u00e9rieux malaise\u00a0\u00bb.<\/p>\n<p>Il est apparu en public seulement deux fois depuis la fin de la pr\u00e9c\u00e9dente hospitalisation, le 1er juillet.<\/p>\n<p>Ca\u00efd Essebsi, est n\u00e9 le 29 novembre 1926 \u00e0 Sidi Bousa\u00efd, en banlieue nord de Tunis.<\/p>\n<p>Avocat de formation, Ca\u00efd Essebsi avait fait ses \u00e9tudes juridiques \u00e0 la facult\u00e9 de droit de Paris jusqu&rsquo;en 1950 avant de s&rsquo;inscrire au Barreau de Tunis, deux ann\u00e9es plus tard.<\/p>\n<p>Il a occup\u00e9 plusieurs postes de hautes responsabilit\u00e9s de 1963 jusqu&rsquo;en 1991 dont celui de Conseiller de l&rsquo;ancien pr\u00e9sident Habib Bourguiba, directeur de l&rsquo;administration r\u00e9gionale, au minist\u00e8re de l&rsquo;Int\u00e9rieur ou encore directeur g\u00e9n\u00e9ral de la s\u00fbret\u00e9 nationale, en 1963, quelques mois apr\u00e8s le coup d&rsquo;Etat avort\u00e9 contre Bourguiba avant de devenir, deux ann\u00e9es plus tard (1965), ministre de l&rsquo;Int\u00e9rieur, puis ministre de la D\u00e9fense, de 1969 \u00e0 1970.<\/p>\n<p>Ca\u00efd Essebsi a aussi occup\u00e9 plusieurs postes diplomatiques comme ambassadeur \u00e0 Paris puis \u00e0 Bonn (1987). Apr\u00e8s les \u00e9v\u00e8nements de 2011 ayant conduit \u00e0 la chute du pr\u00e9sident Zine al-Abidine Ben Ali, il a \u00e9t\u00e9 rappel\u00e9 aux affaires comme chef du gouvernement de transition jusqu&rsquo;aux \u00e9lections l\u00e9gislatives du 23 octobre 2011.<\/p>\n<p>Le 22 d\u00e9cembre 2014, B\u00e9ji Caid Essebsi a \u00e9t\u00e9, officiellement, proclam\u00e9 vainqueur du second tour de l&rsquo;\u00e9lection pr\u00e9sidentielle. Il a \u00e9t\u00e9 cr\u00e9dit\u00e9 de 55,68 pc des suffrages exprim\u00e9s.<\/p>\n<p>Feu B\u00e9ji Ca\u00efd Essebsi \u00e9tait mari\u00e9 et p\u00e8re de quatre enfants.<\/p>\n<p>Auteur: elmoudjahid<br \/>\n<a href=\"http:\/\/www.elmoudjahid.com\/fr\/actualites\/139758\">Cliquez ici pour lire l&rsquo;article depuis sa source.<\/a><\/p>\n","protected":false},"excerpt":{"rendered":"<p>Le pr\u00e9sident tunisien B\u00e9ji Ca\u00efd Essebsi est d\u00e9c\u00e9d\u00e9 jeudi matin \u00e0 l\u2019h\u00f4pital militaire de Tunis, \u00e0 l&rsquo;\u00e2ge de 92 ans, quelques heures apr\u00e8s son hospitalisation en soins intensifs, a annonc\u00e9 la pr\u00e9sidence dans un bref communiqu\u00e9. La t\u00e9l\u00e9vision nationale a arr\u00eat\u00e9 ses programmes pour diffuser des versets du saint Coran, avant d&rsquo;annoncer que le pr\u00e9sident [&hellip;]<\/p>\n","protected":false},"author":1744,"featured_media":0,"comment_status":"closed","ping_status":"closed","sticky":false,"template":"","format":"standard","meta":{"fifu_image_url":"","fifu_image_alt":"","footnotes":""},"categories":[73,53],"tags":[],"class_list":["post-48707","post","type-post","status-publish","format-standard","hentry","category-actualite","category-algerie"],"_links":{"self":[{"href":"https:\/\/linitiative.ca\/International\/wp-json\/wp\/v2\/posts\/48707","targetHints":{"allow":["GET"]}}],"collection":[{"href":"https:\/\/linitiative.ca\/International\/wp-json\/wp\/v2\/posts"}],"about":[{"href":"https:\/\/linitiative.ca\/International\/wp-json\/wp\/v2\/types\/post"}],"author":[{"embeddable":true,"href":"https:\/\/linitiative.ca\/International\/wp-json\/wp\/v2\/users\/1744"}],"replies":[{"embeddable":true,"href":"https:\/\/linitiative.ca\/International\/wp-json\/wp\/v2\/comments?post=48707"}],"version-history":[{"count":0,"href":"https:\/\/linitiative.ca\/International\/wp-json\/wp\/v2\/posts\/48707\/revisions"}],"wp:attachment":[{"href":"https:\/\/linitiative.ca\/International\/wp-json\/wp\/v2\/media?parent=48707"}],"wp:term":[{"taxonomy":"category","embeddable":true,"href":"https:\/\/linitiative.ca\/International\/wp-json\/wp\/v2\/categories?post=48707"},{"taxonomy":"post_tag","embeddable":true,"href":"https:\/\/linitiative.ca\/International\/wp-json\/wp\/v2\/tags?post=48707"}],"curies":[{"name":"wp","href":"https:\/\/api.w.org\/{rel}","templated":true}]}}