{"id":48711,"date":"2019-07-26T10:41:19","date_gmt":"2019-07-26T14:41:19","guid":{"rendered":"https:\/\/linitiative.ca\/International\/92490-racisme-dans-le-foot-les-federations-tenues-d-appliquer-le-reglement-de-la-fifa\/"},"modified":"2019-07-26T10:41:19","modified_gmt":"2019-07-26T14:41:19","slug":"92490-racisme-dans-le-foot-les-federations-tenues-d-appliquer-le-reglement-de-la-fifa","status":"publish","type":"post","link":"https:\/\/linitiative.ca\/International\/92490-racisme-dans-le-foot-les-federations-tenues-d-appliquer-le-reglement-de-la-fifa\/","title":{"rendered":"Racisme dans le foot: les F\u00e9d\u00e9rations tenues d&rsquo;appliquer le r\u00e8glement de la FIFA"},"content":{"rendered":"<div>\n<div class=\"K2FeedImage\"><img decoding=\"async\" src=\"http:\/\/www.aps.dz\/media\/k2\/items\/cache\/dea2420cf576be36c8afb5b31d018a07_S.jpg\" alt=\"Racisme dans le foot: les F\u00e9d\u00e9rations tenues d'appliquer le r\u00e8glement de la FIFA\"><\/div>\n<div class=\"K2FeedIntroText\">\n<p><strong>PARIS &#8211; La Fifa a exhort\u00e9 les f\u00e9d\u00e9rations membres \u00e0 appliquer son r\u00e8glement en trois \u00e9tapes: arr\u00eat, suspension puis abandon, pour lutter contre les discriminations dans les coupes et championnats nationaux.<\/strong><\/p>\n<\/div>\n<div class=\"K2FeedFullText\">\n<p>Dans un courrier adress\u00e9 aux f\u00e9d\u00e9rations et sign\u00e9 par la secr\u00e9taire g\u00e9n\u00e9rale de l&rsquo;instance dirigeante du football mondial, Fatma Samoura, la Fifa d\u00e9taille trois \u00e9tapes en cas d&rsquo;incident, une proc\u00e9dure appliqu\u00e9e dans ses comp\u00e9titions depuis la Coupe des Conf\u00e9d\u00e9rations en Russie en 2017.<\/p>\n<p>\u00ab\u00a0En cas d&rsquo;incidents s\u00e9rieux\u00a0\u00bb, cette proc\u00e9dure autorise ainsi les arbitres \u00e0 \u00ab\u00a0arr\u00eater le match\u00a0\u00bb, une d\u00e9cision suivie d&rsquo;une annonce du speaker exhortant \u00e0 stopper des comportements incorrects. Ensuite, l&rsquo;arbitre peut \u00ab\u00a0suspendre\u00a0\u00bb pour une dur\u00e9e plus ou moins longue \u00ab\u00a0le match en renvoyant les joueurs aux vestiaires\u00a0\u00bb ou tout simplement d\u00e9cider d'\u00a0\u00bbabandonner le match\u00a0\u00bb si les d\u00e9rapages persistent.<\/p>\n<hr>\n<p>Lire aussi:\u00a0<a href=\"http:\/\/www.aps.dz\/sport\/92489-coupe-du-monde-des-clubs-2019-la-fifa-fixe-les-dates-des-matchs-du-tournoi\">Coupe du monde des clubs 2019: la Fifa fixe les dates des matchs du tournoi<\/a><\/p>\n<hr>\n<p>D\u00e9but juillet, la Fifa avait annonc\u00e9 que les matches arr\u00eat\u00e9s pour racisme seront donn\u00e9s perdus sur tapis vert.<\/p>\n<p>La sanction visera l&rsquo;\u00e9quipe dont les supporters sont responsables des incidents et pourrait m\u00eame techniquement s&rsquo;appliquer lors d&rsquo;un match de Coupe du monde.<\/p>\n<\/div>\n<p><img loading=\"lazy\" decoding=\"async\" src=\"http:\/\/feeds.feedburner.com\/~r\/aps-sport\/~4\/Z4DYCB7JK3U\" height=\"1\" width=\"1\" alt=\"\"><\/div>\n<p>Auteur:<br \/>\n<a href=\"http:\/\/www.aps.dz\/sport\/92490-racisme-dans-le-foot-les-federations-tenues-d-appliquer-le-reglement-de-la-fifa?utm_source=feedburner&#038;utm_medium=feed&#038;utm_campaign=Feed%3A+aps-sport+%28APS+-+SPORT%29\">Cliquez ici pour lire l&rsquo;article depuis sa source.<\/a><\/p>\n","protected":false},"excerpt":{"rendered":"<p>PARIS &#8211; La Fifa a exhort\u00e9 les f\u00e9d\u00e9rations membres \u00e0 appliquer son r\u00e8glement en trois \u00e9tapes: arr\u00eat, suspension puis abandon, pour lutter contre les discriminations dans les coupes et championnats nationaux. Dans un courrier adress\u00e9 aux f\u00e9d\u00e9rations et sign\u00e9 par la secr\u00e9taire g\u00e9n\u00e9rale de l&rsquo;instance dirigeante du football mondial, Fatma Samoura, la Fifa d\u00e9taille trois [&hellip;]<\/p>\n","protected":false},"author":1790,"featured_media":48712,"comment_status":"closed","ping_status":"closed","sticky":false,"template":"","format":"standard","meta":{"fifu_image_url":"","fifu_image_alt":"","footnotes":""},"categories":[53,75],"tags":[],"class_list":["post-48711","post","type-post","status-publish","format-standard","has-post-thumbnail","hentry","category-algerie","category-sport"],"_links":{"self":[{"href":"https:\/\/linitiative.ca\/International\/wp-json\/wp\/v2\/posts\/48711","targetHints":{"allow":["GET"]}}],"collection":[{"href":"https:\/\/linitiative.ca\/International\/wp-json\/wp\/v2\/posts"}],"about":[{"href":"https:\/\/linitiative.ca\/International\/wp-json\/wp\/v2\/types\/post"}],"author":[{"embeddable":true,"href":"https:\/\/linitiative.ca\/International\/wp-json\/wp\/v2\/users\/1790"}],"replies":[{"embeddable":true,"href":"https:\/\/linitiative.ca\/International\/wp-json\/wp\/v2\/comments?post=48711"}],"version-history":[{"count":0,"href":"https:\/\/linitiative.ca\/International\/wp-json\/wp\/v2\/posts\/48711\/revisions"}],"wp:featuredmedia":[{"embeddable":true,"href":"https:\/\/linitiative.ca\/International\/wp-json\/"}],"wp:attachment":[{"href":"https:\/\/linitiative.ca\/International\/wp-json\/wp\/v2\/media?parent=48711"}],"wp:term":[{"taxonomy":"category","embeddable":true,"href":"https:\/\/linitiative.ca\/International\/wp-json\/wp\/v2\/categories?post=48711"},{"taxonomy":"post_tag","embeddable":true,"href":"https:\/\/linitiative.ca\/International\/wp-json\/wp\/v2\/tags?post=48711"}],"curies":[{"name":"wp","href":"https:\/\/api.w.org\/{rel}","templated":true}]}}