{"id":48719,"date":"2019-07-26T14:28:49","date_gmt":"2019-07-26T18:28:49","guid":{"rendered":"https:\/\/linitiative.ca\/International\/92505-football-mahrez-honore-par-sa-ville-natale-sarcelles\/"},"modified":"2019-07-26T14:28:49","modified_gmt":"2019-07-26T18:28:49","slug":"92505-football-mahrez-honore-par-sa-ville-natale-sarcelles","status":"publish","type":"post","link":"https:\/\/linitiative.ca\/International\/92505-football-mahrez-honore-par-sa-ville-natale-sarcelles\/","title":{"rendered":"Football: Mahrez honor\u00e9 par sa ville natale Sarcelles"},"content":{"rendered":"<div>\n<div class=\"K2FeedImage\"><img decoding=\"async\" src=\"http:\/\/www.aps.dz\/media\/k2\/items\/cache\/63adfcf9844cc0927dfe1025d2ff0e80_S.jpg\" alt=\"Football: Mahrez honor\u00e9 par sa ville natale Sarcelles\"><\/div>\n<div class=\"K2FeedIntroText\">\n<p><strong>PARIS- Le capitaine de l&rsquo;\u00e9quipe nationale de football Riyad Mahrez a \u00e9t\u00e9 honor\u00e9 vendredi par la mairie de Sarcelles (Val-d&rsquo;Oise), sa ville natale.<\/strong><\/p>\n<\/div>\n<div class=\"K2FeedFullText\">\n<p>Se disant<strong> \u00ab\u00a0tr\u00e8s fier\u00a0\u00bb<\/strong> de cet enfant prodige, auteur d&rsquo;un but d&rsquo;anthologie en demi-finale de la Coupe d&rsquo;Afrique des nations (CAN), qui s&rsquo;est d\u00e9roul\u00e9e en Egypte, le maire de Sarcelles Patrick Haddad a tenu \u00e0 lui rendre un grand hommage \u00e0 l&rsquo;h\u00f4tel de ville en pr\u00e9sence de sa famille, de ses proches, amis et membres de l&rsquo;ambassade d&rsquo;Alg\u00e9rie en France.<\/p>\n<hr>\n<p>Lire aussi :\u00a0 <a href=\"http:\/\/www.aps.dz\/sport\/91966-can-2019-algerie-mahrez-le-capitaine-providentiel\">CAN-2019 \/ Alg\u00e9rie : Mahrez, le capitaine providentiel<\/a><\/p>\n<hr>\n<p>Le maire a voulu lui rendre cet hommage dans une f\u00eate tr\u00e8s restreinte, afin d&rsquo;\u00e9viter l&rsquo;affluence des Sarcellois pour lesquels l&rsquo;attaquant de Manchester City est leur idole.<\/p>\n<p>\u00a0<\/p>\n<\/div>\n<p><img loading=\"lazy\" decoding=\"async\" src=\"http:\/\/feeds.feedburner.com\/~r\/aps-sport\/~4\/I694RwGXZiQ\" height=\"1\" width=\"1\" alt=\"\"><\/div>\n<p>Auteur:<br \/>\n<a href=\"http:\/\/www.aps.dz\/sport\/92505-football-mahrez-honore-par-sa-ville-natale-sarcelles?utm_source=feedburner&#038;utm_medium=feed&#038;utm_campaign=Feed%3A+aps-sport+%28APS+-+SPORT%29\">Cliquez ici pour lire l&rsquo;article depuis sa source.<\/a><\/p>\n","protected":false},"excerpt":{"rendered":"<p>PARIS- Le capitaine de l&rsquo;\u00e9quipe nationale de football Riyad Mahrez a \u00e9t\u00e9 honor\u00e9 vendredi par la mairie de Sarcelles (Val-d&rsquo;Oise), sa ville natale. Se disant \u00ab\u00a0tr\u00e8s fier\u00a0\u00bb de cet enfant prodige, auteur d&rsquo;un but d&rsquo;anthologie en demi-finale de la Coupe d&rsquo;Afrique des nations (CAN), qui s&rsquo;est d\u00e9roul\u00e9e en Egypte, le maire de Sarcelles Patrick Haddad [&hellip;]<\/p>\n","protected":false},"author":1790,"featured_media":48720,"comment_status":"closed","ping_status":"closed","sticky":false,"template":"","format":"standard","meta":{"fifu_image_url":"","fifu_image_alt":"","footnotes":""},"categories":[53,75],"tags":[],"class_list":["post-48719","post","type-post","status-publish","format-standard","has-post-thumbnail","hentry","category-algerie","category-sport"],"_links":{"self":[{"href":"https:\/\/linitiative.ca\/International\/wp-json\/wp\/v2\/posts\/48719","targetHints":{"allow":["GET"]}}],"collection":[{"href":"https:\/\/linitiative.ca\/International\/wp-json\/wp\/v2\/posts"}],"about":[{"href":"https:\/\/linitiative.ca\/International\/wp-json\/wp\/v2\/types\/post"}],"author":[{"embeddable":true,"href":"https:\/\/linitiative.ca\/International\/wp-json\/wp\/v2\/users\/1790"}],"replies":[{"embeddable":true,"href":"https:\/\/linitiative.ca\/International\/wp-json\/wp\/v2\/comments?post=48719"}],"version-history":[{"count":0,"href":"https:\/\/linitiative.ca\/International\/wp-json\/wp\/v2\/posts\/48719\/revisions"}],"wp:featuredmedia":[{"embeddable":true,"href":"https:\/\/linitiative.ca\/International\/wp-json\/"}],"wp:attachment":[{"href":"https:\/\/linitiative.ca\/International\/wp-json\/wp\/v2\/media?parent=48719"}],"wp:term":[{"taxonomy":"category","embeddable":true,"href":"https:\/\/linitiative.ca\/International\/wp-json\/wp\/v2\/categories?post=48719"},{"taxonomy":"post_tag","embeddable":true,"href":"https:\/\/linitiative.ca\/International\/wp-json\/wp\/v2\/tags?post=48719"}],"curies":[{"name":"wp","href":"https:\/\/api.w.org\/{rel}","templated":true}]}}