{"id":48721,"date":"2019-07-26T13:38:00","date_gmt":"2019-07-26T17:38:00","guid":{"rendered":"https:\/\/linitiative.ca\/International\/mostaganem-le-wali-honore-les-meilleurs-eleves\/"},"modified":"2019-07-26T13:38:00","modified_gmt":"2019-07-26T17:38:00","slug":"mostaganem-le-wali-honore-les-meilleurs-eleves","status":"publish","type":"post","link":"https:\/\/linitiative.ca\/International\/mostaganem-le-wali-honore-les-meilleurs-eleves\/","title":{"rendered":"MOSTAGANEM   : Le wali honore les meilleurs \u00e9l\u00e8ves"},"content":{"rendered":"<p><br id=\"sep_para_1\" class=\"sep_para access\"\/><\/p>\n<div id=\"para_1\" class=\"para_32311718 resize\">\n<div class=\"texte access firstletter\">Ce jeudi 25 juillet 2019, le wali de Mostaganem\u00a0 Monsieur Rebehi Abdenour et son ex\u00e9cutif ont organis\u00e9 une r\u00e9ception \u00e0 la salle de conf\u00e9rences de la wilaya en l\u2019honneur des laur\u00e9ats des 3 cycles de l\u2019\u00e9ducation nationale. Les r\u00e9sultats des examens cette ann\u00e9e furent marqu\u00e9s par la note d\u2019excellence au baccalaur\u00e9at de 18,38 par Melle Bensaloua Aziza du lyc\u00e9e Saliha Ould Kablia de Mostaganem. On notera que le lyc\u00e9e Hamou Othmane de Kheir-Eddine a eu le premier taux de r\u00e9ussite dans la wilaya par l\u2019obtention de 88,41% suivi par le lyc\u00e9e des fr\u00e8res Belkacem de Achaacha avec un taux de 79,84%. Il est \u00e0 signaler que le taux de r\u00e9ussite au bac dans la wilaya s\u2019\u00e9l\u00e8ve \u00e0 59,79%. Par rapport au taux de r\u00e9ussite national qui est de 54,56%, la wilaya de Mostaganem se classe \u00e0 la 14\u00e8me place sur le taux global national du baccalaur\u00e9at 2019. Pour l\u2019examen de la sixi\u00e8me, 9 \u00e9l\u00e8ves de diff\u00e9rentes \u00e9coles de la wilaya ont obtenu la note de 10\/10. Pour l\u2019examen du BEM, l\u2019\u00e9l\u00e8ve Merah a obtenu la note de 19,15 et l\u2019\u00e9l\u00e8ve Benamara a obtenu la note de 19,08. En consid\u00e9rant que les handicap\u00e9s sont des \u00e9l\u00e8ves \u00e0 part enti\u00e8re, pas moins de 6 \u00e9l\u00e8ves ont vu leurs efforts r\u00e9compens\u00e9s lors de cette c\u00e9r\u00e9monie. Ce qui a attir\u00e9 l\u2019attention des pr\u00e9sents, c\u2019est Madame Rahmi Fatma, \u00e2g\u00e9e de 60 ans, qui a le courage et la volont\u00e9 de passer son bac, le r\u00e9ussissant avec une moyenne de 11,88. Notons enfin que tous les laur\u00e9ats ont obtenu des cadeaux \u00e0 la hauteur de leur r\u00e9ussite. Les 2 laur\u00e9ates du baccalaur\u00e9at en plus des cadeaux, elles ont eu droit \u00e0 un s\u00e9jour en Espagne, pris en\u00a0 charge par le minist\u00e8re de l\u2019\u00e9ducation nationale.\u00a0\u00a0\u00a0\u00a0\u00a0\u00a0\u00a0<\/div>\n<\/div>\n<p>Auteur: Belayachi Naboussi<br \/>\n<a href=\"https:\/\/www.reflexiondz.net\/MOSTAGANEM-Le-wali-honore-les-meilleurs-eleves_a56807.html\">Cliquez ici pour lire l&rsquo;article depuis sa source.<\/a><\/p>\n","protected":false},"excerpt":{"rendered":"<p>Ce jeudi 25 juillet 2019, le wali de Mostaganem\u00a0 Monsieur Rebehi Abdenour et son ex\u00e9cutif ont organis\u00e9 une r\u00e9ception \u00e0 la salle de conf\u00e9rences de la wilaya en l\u2019honneur des laur\u00e9ats des 3 cycles de l\u2019\u00e9ducation nationale. Les r\u00e9sultats des examens cette ann\u00e9e furent marqu\u00e9s par la note d\u2019excellence au baccalaur\u00e9at de 18,38 par Melle [&hellip;]<\/p>\n","protected":false},"author":1740,"featured_media":0,"comment_status":"closed","ping_status":"closed","sticky":false,"template":"","format":"standard","meta":{"fifu_image_url":"","fifu_image_alt":"","footnotes":""},"categories":[53,76],"tags":[],"class_list":["post-48721","post","type-post","status-publish","format-standard","hentry","category-algerie","category-regions"],"_links":{"self":[{"href":"https:\/\/linitiative.ca\/International\/wp-json\/wp\/v2\/posts\/48721","targetHints":{"allow":["GET"]}}],"collection":[{"href":"https:\/\/linitiative.ca\/International\/wp-json\/wp\/v2\/posts"}],"about":[{"href":"https:\/\/linitiative.ca\/International\/wp-json\/wp\/v2\/types\/post"}],"author":[{"embeddable":true,"href":"https:\/\/linitiative.ca\/International\/wp-json\/wp\/v2\/users\/1740"}],"replies":[{"embeddable":true,"href":"https:\/\/linitiative.ca\/International\/wp-json\/wp\/v2\/comments?post=48721"}],"version-history":[{"count":0,"href":"https:\/\/linitiative.ca\/International\/wp-json\/wp\/v2\/posts\/48721\/revisions"}],"wp:attachment":[{"href":"https:\/\/linitiative.ca\/International\/wp-json\/wp\/v2\/media?parent=48721"}],"wp:term":[{"taxonomy":"category","embeddable":true,"href":"https:\/\/linitiative.ca\/International\/wp-json\/wp\/v2\/categories?post=48721"},{"taxonomy":"post_tag","embeddable":true,"href":"https:\/\/linitiative.ca\/International\/wp-json\/wp\/v2\/tags?post=48721"}],"curies":[{"name":"wp","href":"https:\/\/api.w.org\/{rel}","templated":true}]}}