{"id":48723,"date":"2019-07-26T13:38:00","date_gmt":"2019-07-26T17:38:00","guid":{"rendered":"https:\/\/linitiative.ca\/International\/sidi-bel-abbes-saisie-de-6-steres-de-bois-a-teghalimet\/"},"modified":"2019-07-26T13:38:00","modified_gmt":"2019-07-26T17:38:00","slug":"sidi-bel-abbes-saisie-de-6-steres-de-bois-a-teghalimet","status":"publish","type":"post","link":"https:\/\/linitiative.ca\/International\/sidi-bel-abbes-saisie-de-6-steres-de-bois-a-teghalimet\/","title":{"rendered":"SIDI BEL ABBES : Saisie de 6 st\u00e8res de bois \u00e0  T\u00e9ghalimet"},"content":{"rendered":"<p><br id=\"sep_para_1\" class=\"sep_para access\"\/><\/p>\n<div id=\"para_1\" class=\"para_32311688 resize\">\n<div class=\"texte access firstletter\">\u00a0Ayant agi sur la base de renseignements fournis par des citoyens ,faisant \u00e9tat\u00a0 de la pr\u00e9sence\u00a0 d&rsquo; individus versant dans l&rsquo;abattage illicite d&rsquo;arbres servant \u00e0 la production\u00a0 de charbon ,les agents forestiers territorialement comp\u00e9tents et relevant de la conservation de la wilaya de Sidi Bel Abb\u00e8s, viennent de proc\u00e9der, tout r\u00e9cemment, \u00e0\u00a0 l&rsquo;arrestation de 03 personnes dans la for\u00eat domaniale de Teghalimet,40 km au sud de Sidi Bel Abb\u00e8s, et la saisie d&rsquo;un chargement de 6 st\u00e8res de bois ,soit 6 m3,transport\u00e9s au moyen d&rsquo;un camion de gros tonnage ,immatricul\u00e9 dans une wilaya limitrophe, apprend -on d&rsquo;un communiqu\u00e9 des services de renseignements .Du mat\u00e9riel consid\u00e9rable, des outils (tron\u00e7onneuses, scies, et haches, destin\u00e9s \u00e0 la pratique frauduleuse de cette activit\u00e9, ont aussi \u00e9t\u00e9 saisis, indique le communiqu\u00e9. Toutes les mesures n\u00e9cessaires relatives au d\u00e9lit commis par les 3 auteurs, ont bien s\u00fbr \u00e9t\u00e9 prises, avant leur pr\u00e9sentation\u00a0 devant le procureur pr\u00e8s le tribunal, conclut le bulletin.\u00a0\u00a0<\/div>\n<\/div>\n<p>Auteur: N.M<br \/>\n<a href=\"https:\/\/www.reflexiondz.net\/SIDI-BEL-ABBES-Saisie-de-6-steres-de-bois-a-Teghalimet_a56802.html\">Cliquez ici pour lire l&rsquo;article depuis sa source.<\/a><\/p>\n","protected":false},"excerpt":{"rendered":"<p>\u00a0Ayant agi sur la base de renseignements fournis par des citoyens ,faisant \u00e9tat\u00a0 de la pr\u00e9sence\u00a0 d&rsquo; individus versant dans l&rsquo;abattage illicite d&rsquo;arbres servant \u00e0 la production\u00a0 de charbon ,les agents forestiers territorialement comp\u00e9tents et relevant de la conservation de la wilaya de Sidi Bel Abb\u00e8s, viennent de proc\u00e9der, tout r\u00e9cemment, \u00e0\u00a0 l&rsquo;arrestation de 03 [&hellip;]<\/p>\n","protected":false},"author":1740,"featured_media":0,"comment_status":"closed","ping_status":"closed","sticky":false,"template":"","format":"standard","meta":{"fifu_image_url":"","fifu_image_alt":"","footnotes":""},"categories":[53,76],"tags":[],"class_list":["post-48723","post","type-post","status-publish","format-standard","hentry","category-algerie","category-regions"],"_links":{"self":[{"href":"https:\/\/linitiative.ca\/International\/wp-json\/wp\/v2\/posts\/48723","targetHints":{"allow":["GET"]}}],"collection":[{"href":"https:\/\/linitiative.ca\/International\/wp-json\/wp\/v2\/posts"}],"about":[{"href":"https:\/\/linitiative.ca\/International\/wp-json\/wp\/v2\/types\/post"}],"author":[{"embeddable":true,"href":"https:\/\/linitiative.ca\/International\/wp-json\/wp\/v2\/users\/1740"}],"replies":[{"embeddable":true,"href":"https:\/\/linitiative.ca\/International\/wp-json\/wp\/v2\/comments?post=48723"}],"version-history":[{"count":0,"href":"https:\/\/linitiative.ca\/International\/wp-json\/wp\/v2\/posts\/48723\/revisions"}],"wp:attachment":[{"href":"https:\/\/linitiative.ca\/International\/wp-json\/wp\/v2\/media?parent=48723"}],"wp:term":[{"taxonomy":"category","embeddable":true,"href":"https:\/\/linitiative.ca\/International\/wp-json\/wp\/v2\/categories?post=48723"},{"taxonomy":"post_tag","embeddable":true,"href":"https:\/\/linitiative.ca\/International\/wp-json\/wp\/v2\/tags?post=48723"}],"curies":[{"name":"wp","href":"https:\/\/api.w.org\/{rel}","templated":true}]}}