{"id":48724,"date":"2019-07-26T13:38:00","date_gmt":"2019-07-26T17:38:00","guid":{"rendered":"https:\/\/linitiative.ca\/International\/mascara-la-police-celebre-le-57eme-anniversaire\/"},"modified":"2019-07-26T13:38:00","modified_gmt":"2019-07-26T17:38:00","slug":"mascara-la-police-celebre-le-57eme-anniversaire","status":"publish","type":"post","link":"https:\/\/linitiative.ca\/International\/mascara-la-police-celebre-le-57eme-anniversaire\/","title":{"rendered":"MASCARA : La police c\u00e9l\u00e8bre le 57\u00e8me anniversaire"},"content":{"rendered":"<p><br id=\"sep_para_1\" class=\"sep_para access\"\/><\/p>\n<div id=\"para_1\" class=\"para_32311685 resize\">\n<div class=\"texte access firstletter\">La suret\u00e9 de\u00a0 wilaya de Mascara comme les suret\u00e9s du pays a c\u00e9l\u00e9br\u00e9 le 57\u00e8me anniversaire de la cr\u00e9ation de la police qui correspondant au 22 juillet de chaque ann\u00e9e. La suret\u00e9 a organis\u00e9 durant la matin\u00e9e du jeudi 25 juillet 2019, une c\u00e9r\u00e9monie de gratification au centre de loisirs\u00a0 scientifiques de Sidi Sa\u00efd, au profit d\u2019un nombre de cadres, agents de police et agent assimil\u00e9s, en pr\u00e9sence du wali de la wilaya de Mascara et des autorit\u00e9s civiles et militaires de la wilaya et des retrait\u00e9s de la police. La c\u00e9r\u00e9monie a commenc\u00e9 par la lecture par le chef de la suret\u00e9 de wilaya du message du Directeur g\u00e9n\u00e9ral de la suret\u00e9 nationale, lequel a f\u00e9licit\u00e9 les fonctionnaires de la Suret\u00e9 nationale\u00a0 \u00e0 l\u2019occasion de leur f\u00eate. Il a aussi affirm\u00e9 le r\u00f4le de la police alg\u00e9rienne, en tant qu\u2019institution r\u00e9publicaine dans la r\u00e9alisation de la s\u00e9curit\u00e9 dans la soci\u00e9t\u00e9. Il a aussi incit\u00e9 les forces de police, \u00e0 l\u2019occasion des promotions dont ils ont b\u00e9n\u00e9fici\u00e9, \u00e0 donner plus d\u2019efforts pour poursuivre le chemin de la modernisation et de la professionnalisation du corps de la police qui demeure au service du citoyen et r\u00e9pond \u00e0 ses pr\u00e9occupations quotidiennes. Il a \u00e9t\u00e9 ensuite proc\u00e9d\u00e9 \u00e0 la remise des grades au profit des policiers promus en cette occasion qui a vu la suret\u00e9 de wilaya b\u00e9n\u00e9ficier de 285 promotions dans ses rangs.\u00a0<\/div>\n<\/div>\n<p>Auteur: B.Boufaden<br \/>\n<a href=\"https:\/\/www.reflexiondz.net\/MASCARA-La-police-celebre-le-57eme-anniversaire_a56801.html\">Cliquez ici pour lire l&rsquo;article depuis sa source.<\/a><\/p>\n","protected":false},"excerpt":{"rendered":"<p>La suret\u00e9 de\u00a0 wilaya de Mascara comme les suret\u00e9s du pays a c\u00e9l\u00e9br\u00e9 le 57\u00e8me anniversaire de la cr\u00e9ation de la police qui correspondant au 22 juillet de chaque ann\u00e9e. La suret\u00e9 a organis\u00e9 durant la matin\u00e9e du jeudi 25 juillet 2019, une c\u00e9r\u00e9monie de gratification au centre de loisirs\u00a0 scientifiques de Sidi Sa\u00efd, au [&hellip;]<\/p>\n","protected":false},"author":1740,"featured_media":0,"comment_status":"closed","ping_status":"closed","sticky":false,"template":"","format":"standard","meta":{"fifu_image_url":"","fifu_image_alt":"","footnotes":""},"categories":[53,76],"tags":[],"class_list":["post-48724","post","type-post","status-publish","format-standard","hentry","category-algerie","category-regions"],"_links":{"self":[{"href":"https:\/\/linitiative.ca\/International\/wp-json\/wp\/v2\/posts\/48724","targetHints":{"allow":["GET"]}}],"collection":[{"href":"https:\/\/linitiative.ca\/International\/wp-json\/wp\/v2\/posts"}],"about":[{"href":"https:\/\/linitiative.ca\/International\/wp-json\/wp\/v2\/types\/post"}],"author":[{"embeddable":true,"href":"https:\/\/linitiative.ca\/International\/wp-json\/wp\/v2\/users\/1740"}],"replies":[{"embeddable":true,"href":"https:\/\/linitiative.ca\/International\/wp-json\/wp\/v2\/comments?post=48724"}],"version-history":[{"count":0,"href":"https:\/\/linitiative.ca\/International\/wp-json\/wp\/v2\/posts\/48724\/revisions"}],"wp:attachment":[{"href":"https:\/\/linitiative.ca\/International\/wp-json\/wp\/v2\/media?parent=48724"}],"wp:term":[{"taxonomy":"category","embeddable":true,"href":"https:\/\/linitiative.ca\/International\/wp-json\/wp\/v2\/categories?post=48724"},{"taxonomy":"post_tag","embeddable":true,"href":"https:\/\/linitiative.ca\/International\/wp-json\/wp\/v2\/tags?post=48724"}],"curies":[{"name":"wp","href":"https:\/\/api.w.org\/{rel}","templated":true}]}}