{"id":48725,"date":"2019-07-26T13:38:00","date_gmt":"2019-07-26T17:38:00","guid":{"rendered":"https:\/\/linitiative.ca\/International\/affaire-de-la-sonelgaz-de-bechar-lex-directeur-de-la-sdo-place-sous-controle-judiciaire\/"},"modified":"2019-07-26T13:38:00","modified_gmt":"2019-07-26T17:38:00","slug":"affaire-de-la-sonelgaz-de-bechar-lex-directeur-de-la-sdo-place-sous-controle-judiciaire","status":"publish","type":"post","link":"https:\/\/linitiative.ca\/International\/affaire-de-la-sonelgaz-de-bechar-lex-directeur-de-la-sdo-place-sous-controle-judiciaire\/","title":{"rendered":"AFFAIRE DE LA SONELGAZ DE BECHAR : L\u2019ex-directeur de la SDO plac\u00e9 sous contr\u00f4le judiciaire"},"content":{"rendered":"<p><br id=\"sep_para_1\" class=\"sep_para access\"\/><\/p>\n<div id=\"para_1\" class=\"para_32311682 resize\">\n<div class=\"texte access firstletter\">Le m\u00eame magistrat a plac\u00e9 le mis en cause sous contr\u00f4le judiciaire en attendant le jugement de cette affaire qui d\u00e9fraie la chronique \u00e0 B\u00e9char. Le d\u00e9sormais ex-directeur de la SDO de B\u00e9char aurait rejet\u00e9 tout au long de l\u2019instruction l\u2019accusation dont il fait l\u2019objet tout en assurant que la liste dont il est question \u00e9tait d\u00fbment approuv\u00e9e et sign\u00e9e par l\u2019ANEM de B\u00e9char.\u00a0 Ils deviennent ainsi douze personnes \u00e0 \u00eatre poursuivis dans une affaire d\u2019octroi de favoritisme, de faux et d\u2019usage de faux. L\u2019ex-directeur de la SDO de B\u00e9char,\u00a0 un cadre de l\u2019Agence Nationale de l&rsquo;Emploi, le directeur de l\u2019emploi, six fonctionnaires de la SDO ainsi que trois postulants \u00e0 des postes d\u2019emploi au sein de la SDO. Pour rappel, le scandale a \u00e9clat\u00e9 au grand jour, il y a deux mois o\u00f9 suite \u00e0 une information, une proc\u00e9dure judiciaire a \u00e9t\u00e9 ouverte sur ordre du parquet. L\u2019enqu\u00eate ouverte a d\u00e9termin\u00e9 que les mis en cause dans cette affaire auraient us\u00e9 de favoritisme, de falsification, de faux et d\u2019usage de faux\u00a0 pour\u00a0\u00a0 ajouter trois indus sur la liste nominative des candidats retenus pour des postes de travail au sein de la Soci\u00e9t\u00e9 de distribution de l\u2019ouest, SDO.<\/div>\n<\/div>\n<p>Auteur: Ahmed Messaoud<br \/>\n<a href=\"https:\/\/www.reflexiondz.net\/AFFAIRE-DE-LA-SONELGAZ-DE-BECHAR-L-ex-directeur-de-la-SDO-place-sous-controle-judiciaire_a56800.html\">Cliquez ici pour lire l&rsquo;article depuis sa source.<\/a><\/p>\n","protected":false},"excerpt":{"rendered":"<p>Le m\u00eame magistrat a plac\u00e9 le mis en cause sous contr\u00f4le judiciaire en attendant le jugement de cette affaire qui d\u00e9fraie la chronique \u00e0 B\u00e9char. Le d\u00e9sormais ex-directeur de la SDO de B\u00e9char aurait rejet\u00e9 tout au long de l\u2019instruction l\u2019accusation dont il fait l\u2019objet tout en assurant que la liste dont il est question [&hellip;]<\/p>\n","protected":false},"author":1740,"featured_media":0,"comment_status":"closed","ping_status":"closed","sticky":false,"template":"","format":"standard","meta":{"fifu_image_url":"","fifu_image_alt":"","footnotes":""},"categories":[53,76],"tags":[],"class_list":["post-48725","post","type-post","status-publish","format-standard","hentry","category-algerie","category-regions"],"_links":{"self":[{"href":"https:\/\/linitiative.ca\/International\/wp-json\/wp\/v2\/posts\/48725","targetHints":{"allow":["GET"]}}],"collection":[{"href":"https:\/\/linitiative.ca\/International\/wp-json\/wp\/v2\/posts"}],"about":[{"href":"https:\/\/linitiative.ca\/International\/wp-json\/wp\/v2\/types\/post"}],"author":[{"embeddable":true,"href":"https:\/\/linitiative.ca\/International\/wp-json\/wp\/v2\/users\/1740"}],"replies":[{"embeddable":true,"href":"https:\/\/linitiative.ca\/International\/wp-json\/wp\/v2\/comments?post=48725"}],"version-history":[{"count":0,"href":"https:\/\/linitiative.ca\/International\/wp-json\/wp\/v2\/posts\/48725\/revisions"}],"wp:attachment":[{"href":"https:\/\/linitiative.ca\/International\/wp-json\/wp\/v2\/media?parent=48725"}],"wp:term":[{"taxonomy":"category","embeddable":true,"href":"https:\/\/linitiative.ca\/International\/wp-json\/wp\/v2\/categories?post=48725"},{"taxonomy":"post_tag","embeddable":true,"href":"https:\/\/linitiative.ca\/International\/wp-json\/wp\/v2\/tags?post=48725"}],"curies":[{"name":"wp","href":"https:\/\/api.w.org\/{rel}","templated":true}]}}