{"id":48727,"date":"2019-07-26T13:45:00","date_gmt":"2019-07-26T17:45:00","guid":{"rendered":"https:\/\/linitiative.ca\/International\/pour-atteinte-a-la-securite-de-letat-un-retraite-de-lanp-place-en-detention-a-tlemcen\/"},"modified":"2019-07-26T13:45:00","modified_gmt":"2019-07-26T17:45:00","slug":"pour-atteinte-a-la-securite-de-letat-un-retraite-de-lanp-place-en-detention-a-tlemcen","status":"publish","type":"post","link":"https:\/\/linitiative.ca\/International\/pour-atteinte-a-la-securite-de-letat-un-retraite-de-lanp-place-en-detention-a-tlemcen\/","title":{"rendered":"POUR ATTEINTE A LA SECURITE DE L\u2019\u00c9TAT : Un retrait\u00e9 de l\u2019ANP plac\u00e9 en d\u00e9tention  \u00e0 Tlemcen"},"content":{"rendered":"<p><br id=\"sep_para_1\" class=\"sep_para access\"\/><\/p>\n<div id=\"para_1\" class=\"para_32311757 resize\">\n<div class=\"texte access firstletter\">Un militaire \u00e0 la retraite a \u00e9t\u00e9 plac\u00e9 ce jeudi, en d\u00e9tention provisoire par le magistrat-instructeur pr\u00e8s le tribunal de Tlemcen, pour \u00ab atteinte \u00e0 la s\u00e9curit\u00e9 de l\u2019\u00c9tat \u00ab\u00a0 rapporte une source m\u00e9diatique. Un individu de 66 ans, r\u00e9sidant\u00a0 \u00e0 Sebdou a \u00e9t\u00e9 arr\u00eat\u00e9 pour une affaire visant \u00e0 porter atteinte \u00e0 la s\u00e9curit\u00e9 de l\u2019\u00c9tat,\u00a0 annonce le procureur de la R\u00e9publique pr\u00e8s le tribunal de Tlemcen. Ce dernier avait des relations tr\u00e8s privil\u00e9gi\u00e9es avec un \u00e9migr\u00e9 alg\u00e9rien de nationalit\u00e9 fran\u00e7aise \u00e2g\u00e9 de 39 ans accus\u00e9, lui aussi, d&rsquo; \u00bbincitation contre l\u2019institution de l\u2019arm\u00e9e nationale populaire. Des services de coop\u00e9ration polici\u00e8re internationale avec la France sont en cours pour l\u2019arrestation de cet \u00e9migr\u00e9 impliqu\u00e9 dans la m\u00eame affaire, pr\u00e9cise la m\u00eame source. Lors des perquisitions men\u00e9es au domicile du principal mis en cause dans cette affaire, les enqu\u00eateurs ont trouv\u00e9 05 puces t\u00e9l\u00e9phoniques de l\u2019op\u00e9rateur Ooredoo, 04 de l\u2019op\u00e9rateur Mobilis et 02 autres puces de l\u2019op\u00e9rateur Djezzy. Le retrait\u00e9 de l\u2019ANP effectue des appels t\u00e9l\u00e9phoniques en utilisant ces puces sous de fausses identit\u00e9s.\u00a0\u00a0\u00a0\u00a0\u00a0\u00a0\u00a0\u00a0\u00a0\u00a0\u00a0\u00a0\u00a0\u00a0\u00a0\u00a0\u00a0\u00a0\u00a0\u00a0\u00a0\u00a0\u00a0\u00a0\u00a0\u00a0\u00a0\u00a0\u00a0\u00a0\u00a0\u00a0\u00a0\u00a0\u00a0\u00a0\u00a0\u00a0\u00a0\u00a0\u00a0\u00a0\u00a0<\/div>\n<\/div>\n<p>Auteur: Ismain<br \/>\n<a href=\"https:\/\/www.reflexiondz.net\/POUR-ATTEINTE-A-LA-SECURITE-DE-L-ETAT-Un-retraite-de-l-ANP-place-en-detention-a-Tlemcen_a56813.html\">Cliquez ici pour lire l&rsquo;article depuis sa source.<\/a><\/p>\n","protected":false},"excerpt":{"rendered":"<p>Un militaire \u00e0 la retraite a \u00e9t\u00e9 plac\u00e9 ce jeudi, en d\u00e9tention provisoire par le magistrat-instructeur pr\u00e8s le tribunal de Tlemcen, pour \u00ab atteinte \u00e0 la s\u00e9curit\u00e9 de l\u2019\u00c9tat \u00ab\u00a0 rapporte une source m\u00e9diatique. Un individu de 66 ans, r\u00e9sidant\u00a0 \u00e0 Sebdou a \u00e9t\u00e9 arr\u00eat\u00e9 pour une affaire visant \u00e0 porter atteinte \u00e0 la s\u00e9curit\u00e9 [&hellip;]<\/p>\n","protected":false},"author":1740,"featured_media":0,"comment_status":"closed","ping_status":"closed","sticky":false,"template":"","format":"standard","meta":{"fifu_image_url":"","fifu_image_alt":"","footnotes":""},"categories":[53,76],"tags":[],"class_list":["post-48727","post","type-post","status-publish","format-standard","hentry","category-algerie","category-regions"],"_links":{"self":[{"href":"https:\/\/linitiative.ca\/International\/wp-json\/wp\/v2\/posts\/48727","targetHints":{"allow":["GET"]}}],"collection":[{"href":"https:\/\/linitiative.ca\/International\/wp-json\/wp\/v2\/posts"}],"about":[{"href":"https:\/\/linitiative.ca\/International\/wp-json\/wp\/v2\/types\/post"}],"author":[{"embeddable":true,"href":"https:\/\/linitiative.ca\/International\/wp-json\/wp\/v2\/users\/1740"}],"replies":[{"embeddable":true,"href":"https:\/\/linitiative.ca\/International\/wp-json\/wp\/v2\/comments?post=48727"}],"version-history":[{"count":0,"href":"https:\/\/linitiative.ca\/International\/wp-json\/wp\/v2\/posts\/48727\/revisions"}],"wp:attachment":[{"href":"https:\/\/linitiative.ca\/International\/wp-json\/wp\/v2\/media?parent=48727"}],"wp:term":[{"taxonomy":"category","embeddable":true,"href":"https:\/\/linitiative.ca\/International\/wp-json\/wp\/v2\/categories?post=48727"},{"taxonomy":"post_tag","embeddable":true,"href":"https:\/\/linitiative.ca\/International\/wp-json\/wp\/v2\/tags?post=48727"}],"curies":[{"name":"wp","href":"https:\/\/api.w.org\/{rel}","templated":true}]}}