{"id":48729,"date":"2019-07-26T13:45:00","date_gmt":"2019-07-26T17:45:00","guid":{"rendered":"https:\/\/linitiative.ca\/International\/presidence-bensalah-a-lenterrement-dessebsi\/"},"modified":"2019-07-26T13:45:00","modified_gmt":"2019-07-26T17:45:00","slug":"presidence-bensalah-a-lenterrement-dessebsi","status":"publish","type":"post","link":"https:\/\/linitiative.ca\/International\/presidence-bensalah-a-lenterrement-dessebsi\/","title":{"rendered":"PRESIDENCE  : Bensalah \u00e0  l\u2019enterrement d\u2019Essebsi"},"content":{"rendered":"<p><br id=\"sep_para_1\" class=\"sep_para access\"\/><\/p>\n<div id=\"para_1\" class=\"para_32311758 resize\">\n<div class=\"texte access firstletter\">Le chef de l\u2019Etat, Abdelkader Bensalah, s\u2019envolera aujourd\u2019hui, samedi vers la capitale tunisienne, Tunis, pour assister \u00e0 l\u2019inhumation du pr\u00e9sident tunisien B\u00e9ji Ca\u00efd Essebsi, rapporte une\u00a0 source s\u00fbre. A Tunis, le Chef de l\u2019Etat alg\u00e9rien apportera son soutien et exprimera sa solidarit\u00e9 aux peuple et autorit\u00e9s tunisiens endeuill\u00e9s par le d\u00e9c\u00e8s, hier jeudi, de B\u00e9ji Ca\u00efd Essebsi \u00e0 l\u2019\u00e2ge de 92 ans. Jeudi, Abdelkader Bensalah a d\u00e9cr\u00e9t\u00e9 un deuil national de trois jours. \u00ab En cette douloureuse circonstance, le chef de l\u2019Etat a ordonn\u00e9 la mise en berne du drapeau national sur tous les b\u00e2timents officiels et d\u00e9partements gouvernementaux d\u00e9partements minist\u00e9riels durant cette p\u00e9riode \u00bb, a indiqu\u00e9 un communiqu\u00e9 de la Pr\u00e9sidence.\u00a0\u00a0\u00a0\u00a0\u00a0\u00a0\u00a0\u00a0\u00a0\u00a0\u00a0\u00a0\u00a0\u00a0\u00a0\u00a0<\/div>\n<\/div>\n<p>Auteur: Nadine<br \/>\n<a href=\"https:\/\/www.reflexiondz.net\/PRESIDENCE-Bensalah-a-l-enterrement-d-Essebsi_a56814.html\">Cliquez ici pour lire l&rsquo;article depuis sa source.<\/a><\/p>\n","protected":false},"excerpt":{"rendered":"<p>Le chef de l\u2019Etat, Abdelkader Bensalah, s\u2019envolera aujourd\u2019hui, samedi vers la capitale tunisienne, Tunis, pour assister \u00e0 l\u2019inhumation du pr\u00e9sident tunisien B\u00e9ji Ca\u00efd Essebsi, rapporte une\u00a0 source s\u00fbre. A Tunis, le Chef de l\u2019Etat alg\u00e9rien apportera son soutien et exprimera sa solidarit\u00e9 aux peuple et autorit\u00e9s tunisiens endeuill\u00e9s par le d\u00e9c\u00e8s, hier jeudi, de B\u00e9ji [&hellip;]<\/p>\n","protected":false},"author":1740,"featured_media":0,"comment_status":"closed","ping_status":"closed","sticky":false,"template":"","format":"standard","meta":{"fifu_image_url":"","fifu_image_alt":"","footnotes":""},"categories":[53,76],"tags":[],"class_list":["post-48729","post","type-post","status-publish","format-standard","hentry","category-algerie","category-regions"],"_links":{"self":[{"href":"https:\/\/linitiative.ca\/International\/wp-json\/wp\/v2\/posts\/48729","targetHints":{"allow":["GET"]}}],"collection":[{"href":"https:\/\/linitiative.ca\/International\/wp-json\/wp\/v2\/posts"}],"about":[{"href":"https:\/\/linitiative.ca\/International\/wp-json\/wp\/v2\/types\/post"}],"author":[{"embeddable":true,"href":"https:\/\/linitiative.ca\/International\/wp-json\/wp\/v2\/users\/1740"}],"replies":[{"embeddable":true,"href":"https:\/\/linitiative.ca\/International\/wp-json\/wp\/v2\/comments?post=48729"}],"version-history":[{"count":0,"href":"https:\/\/linitiative.ca\/International\/wp-json\/wp\/v2\/posts\/48729\/revisions"}],"wp:attachment":[{"href":"https:\/\/linitiative.ca\/International\/wp-json\/wp\/v2\/media?parent=48729"}],"wp:term":[{"taxonomy":"category","embeddable":true,"href":"https:\/\/linitiative.ca\/International\/wp-json\/wp\/v2\/categories?post=48729"},{"taxonomy":"post_tag","embeddable":true,"href":"https:\/\/linitiative.ca\/International\/wp-json\/wp\/v2\/tags?post=48729"}],"curies":[{"name":"wp","href":"https:\/\/api.w.org\/{rel}","templated":true}]}}