{"id":48732,"date":"2019-07-26T11:33:53","date_gmt":"2019-07-26T15:33:53","guid":{"rendered":"https:\/\/linitiative.ca\/International\/23e-vendredi-a-tizi-ouzou-il-ny-aura-ni-dialogue-ni-election-dun-parrain\/"},"modified":"2019-07-26T11:33:53","modified_gmt":"2019-07-26T15:33:53","slug":"23e-vendredi-a-tizi-ouzou-il-ny-aura-ni-dialogue-ni-election-dun-parrain","status":"publish","type":"post","link":"https:\/\/linitiative.ca\/International\/23e-vendredi-a-tizi-ouzou-il-ny-aura-ni-dialogue-ni-election-dun-parrain\/","title":{"rendered":"23e vendredi \u00e0 Tizi Ouzou : \u00ab Il n\u2019y aura ni dialogue, ni \u00e9lection d\u2019un parrain \u00bb"},"content":{"rendered":"<h4 class=\"title-14\"\/>\n<div class=\"featured_image\"><img width=\"1500\" height=\"977\" data-cfsrc=\"https:\/\/www.elwatan.com\/wp-content\/uploads\/2019\/07\/23e-vendredi-\u00e0-Tizi-Ouzou-...jpg\" class=\"attachment-post-thumbnail size-post-thumbnail wp-post-image c2\" alt=\"\" srcset=\"https:\/\/www.elwatan.com\/wp-content\/uploads\/2019\/07\/23e-vendredi-\u00e0-Tizi-Ouzou-...jpg 1500w, https:\/\/www.elwatan.com\/wp-content\/uploads\/2019\/07\/23e-vendredi-\u00e0-Tizi-Ouzou-..-300x195.jpg 300w, https:\/\/www.elwatan.com\/wp-content\/uploads\/2019\/07\/23e-vendredi-\u00e0-Tizi-Ouzou-..-768x500.jpg 768w, https:\/\/www.elwatan.com\/wp-content\/uploads\/2019\/07\/23e-vendredi-\u00e0-Tizi-Ouzou-..-1024x667.jpg 1024w, https:\/\/www.elwatan.com\/wp-content\/uploads\/2019\/07\/23e-vendredi-\u00e0-Tizi-Ouzou-..-1320x860.jpg 1320w\" sizes=\"(max-width: 1500px) 100vw, 1500px\"\/><noscript><\/p>\n<p><img loading=\"lazy\" decoding=\"async\" width=\"1500\" height=\"977\" src=\"https:\/\/www.elwatan.com\/wp-content\/uploads\/2019\/07\/23e-vendredi-%C3%A0-Tizi-Ouzou-...jpg\" class=\"attachment-post-thumbnail size-post-thumbnail wp-post-image\" alt=\"\" srcset=\"https:\/\/www.elwatan.com\/wp-content\/uploads\/2019\/07\/23e-vendredi-\u00e0-Tizi-Ouzou-...jpg 1500w, https:\/\/www.elwatan.com\/wp-content\/uploads\/2019\/07\/23e-vendredi-\u00e0-Tizi-Ouzou-..-300x195.jpg 300w, https:\/\/www.elwatan.com\/wp-content\/uploads\/2019\/07\/23e-vendredi-\u00e0-Tizi-Ouzou-..-768x500.jpg 768w, https:\/\/www.elwatan.com\/wp-content\/uploads\/2019\/07\/23e-vendredi-\u00e0-Tizi-Ouzou-..-1024x667.jpg 1024w, https:\/\/www.elwatan.com\/wp-content\/uploads\/2019\/07\/23e-vendredi-\u00e0-Tizi-Ouzou-..-1320x860.jpg 1320w\" sizes=\"auto, (max-width: 1500px) 100vw, 1500px\"\/><\/p>\n<p><\/noscript> <span class=\"featured-image-caption\">Photo : Hafid Azzouzi \/ El Watan<\/span><\/div>\n<p>Le 23<sup>e<\/sup> vendredi de protestation pour le d\u00e9part du syst\u00e8me a \u00e9t\u00e9 marqu\u00e9 de mani\u00e8re grandiose dans la ville de Tizi Ouzou qui a \u00e9t\u00e9 envahie par une foule nombreuse.<\/p>\n<p>Les marcheurs, r\u00e9partis en plusieurs carr\u00e9s, ont exprim\u00e9, encore une fois, leur d\u00e9sapprobation au r\u00e9gime comme ils ont rappel\u00e9 les principaux mots d\u2019ordre du mouvement populaire. \u00ab\u00a0 Syst\u00e8me d\u00e9gage\u00a0\u00bb et \u00ab\u00a0 pouvoir assassin\u00a0\u00bb sont, entre autres, les slogans \u00a0scand\u00e9s, \u00e0 gorge d\u00e9ploy\u00e9e, par les participants \u00e0 cette action de terrain.<\/p>\n<p>La procession s\u2019est \u00e9branl\u00e9e \u00e0 14heures devant le campus universitaire de Hasnaoua, aux cris de \u00ab\u00a0 Mazalagh, Mazalagh d\u2019Imazighen\u00a0\u00bb (Nous sommes toujours des Amazighs). Au fur et \u00e0 mesure que la foule avance lentement, d\u2019autres marcheurs rejoignaient les carr\u00e9s. Sur les pancartes suspendues par les manifestants, on pouvait lire\u00a0:\u00a0\u00ab\u00a0La R\u00e9volution continue\u00a0\u00bb, \u00ab\u00a0Pour une assembl\u00e9e constituante souveraine\u00a0\u00bb, \u00ab\u00a0Il n\u2019y aura ni dialogue, ni \u00e9lection d\u2019un parrain\u00a0\u00bb, \u00ab\u00a0D\u00e9termination et patience, la r\u00e9volution vaincra\u00a0\u00bb, \u00ab\u00a0Pas de dialogue avec les imposteurs\u00a0\u00bb et \u00ab\u00a0Etat civil et pas militaire\u00a0\u00bb.<\/p>\n<p>La lib\u00e9ration des d\u00e9tenus du mouvement populaire est \u00e9galement parmi les revendications des marcheurs qui ont mis en avant l\u2019embl\u00e8me national et le drapeau amazigh. Le chef d\u2019\u00e9tat major de l\u2019arm\u00e9e a \u00e9t\u00e9 aussi d\u00e9cri\u00e9 par la foule qui r\u00e9clame son d\u00e9part. \u00a0La marche se poursuit toujours dans la capitale du Djurdjura o\u00f9 les premiers marcheurs se sont rassembl\u00e9s devant le m\u00e9morial des martyrs de la guerre de lib\u00e9ration nationale, en face de l\u2019ancienne gare routi\u00e8re.<\/p>\n<p><span class=\"post-views-label\">Post Views:<\/span> <span class=\"post-views-count\">1\u00a0781<\/span><\/p>\n<p><br class=\"c4\"\/><\/p>\n<p>Auteur: Mohand Yahiaoui<br \/>\n<a href=\"https:\/\/www.elwatan.com\/edition\/actualite\/23e-vendredi-a-tizi-ouzou-il-ny-aura-ni-dialogue-ni-election-dun-parrain-26-07-2019\">Cliquez ici pour lire l&rsquo;article depuis sa source.<\/a><\/p>\n","protected":false},"excerpt":{"rendered":"<p>Photo : Hafid Azzouzi \/ El Watan Le 23e vendredi de protestation pour le d\u00e9part du syst\u00e8me a \u00e9t\u00e9 marqu\u00e9 de mani\u00e8re grandiose dans la ville de Tizi Ouzou qui a \u00e9t\u00e9 envahie par une foule nombreuse. Les marcheurs, r\u00e9partis en plusieurs carr\u00e9s, ont exprim\u00e9, encore une fois, leur d\u00e9sapprobation au r\u00e9gime comme ils ont [&hellip;]<\/p>\n","protected":false},"author":1743,"featured_media":48733,"comment_status":"closed","ping_status":"closed","sticky":false,"template":"","format":"standard","meta":{"fifu_image_url":"","fifu_image_alt":"","footnotes":""},"categories":[73,53],"tags":[],"class_list":["post-48732","post","type-post","status-publish","format-standard","has-post-thumbnail","hentry","category-actualite","category-algerie"],"_links":{"self":[{"href":"https:\/\/linitiative.ca\/International\/wp-json\/wp\/v2\/posts\/48732","targetHints":{"allow":["GET"]}}],"collection":[{"href":"https:\/\/linitiative.ca\/International\/wp-json\/wp\/v2\/posts"}],"about":[{"href":"https:\/\/linitiative.ca\/International\/wp-json\/wp\/v2\/types\/post"}],"author":[{"embeddable":true,"href":"https:\/\/linitiative.ca\/International\/wp-json\/wp\/v2\/users\/1743"}],"replies":[{"embeddable":true,"href":"https:\/\/linitiative.ca\/International\/wp-json\/wp\/v2\/comments?post=48732"}],"version-history":[{"count":0,"href":"https:\/\/linitiative.ca\/International\/wp-json\/wp\/v2\/posts\/48732\/revisions"}],"wp:featuredmedia":[{"embeddable":true,"href":"https:\/\/linitiative.ca\/International\/wp-json\/"}],"wp:attachment":[{"href":"https:\/\/linitiative.ca\/International\/wp-json\/wp\/v2\/media?parent=48732"}],"wp:term":[{"taxonomy":"category","embeddable":true,"href":"https:\/\/linitiative.ca\/International\/wp-json\/wp\/v2\/categories?post=48732"},{"taxonomy":"post_tag","embeddable":true,"href":"https:\/\/linitiative.ca\/International\/wp-json\/wp\/v2\/tags?post=48732"}],"curies":[{"name":"wp","href":"https:\/\/api.w.org\/{rel}","templated":true}]}}