{"id":48734,"date":"2019-07-26T13:05:11","date_gmt":"2019-07-26T17:05:11","guid":{"rendered":"https:\/\/linitiative.ca\/International\/23e-vendredi-a-alger-les-manifestants-rejettent-le-panel-des-six-et-exigent-le-depart-du-systeme\/"},"modified":"2019-07-26T13:05:11","modified_gmt":"2019-07-26T17:05:11","slug":"23e-vendredi-a-alger-les-manifestants-rejettent-le-panel-des-six-et-exigent-le-depart-du-systeme","status":"publish","type":"post","link":"https:\/\/linitiative.ca\/International\/23e-vendredi-a-alger-les-manifestants-rejettent-le-panel-des-six-et-exigent-le-depart-du-systeme\/","title":{"rendered":"23e vendredi \u00e0 Alger : Les manifestants rejettent le Panel des six et exigent le d\u00e9part du syst\u00e8me"},"content":{"rendered":"<h4 class=\"title-14\"\/>\n<div class=\"featured_image\"><img width=\"788\" height=\"525\" data-cfsrc=\"https:\/\/www.elwatan.com\/wp-content\/uploads\/2019\/07\/Unhe-souhil.jpg\" class=\"attachment-post-thumbnail size-post-thumbnail wp-post-image c2\" alt=\"\" srcset=\"https:\/\/www.elwatan.com\/wp-content\/uploads\/2019\/07\/Unhe-souhil.jpg 788w, https:\/\/www.elwatan.com\/wp-content\/uploads\/2019\/07\/Unhe-souhil-300x200.jpg 300w, https:\/\/www.elwatan.com\/wp-content\/uploads\/2019\/07\/Unhe-souhil-768x512.jpg 768w\" sizes=\"(max-width: 788px) 100vw, 788px\"\/><noscript><\/p>\n<p><img loading=\"lazy\" decoding=\"async\" width=\"788\" height=\"525\" src=\"https:\/\/www.elwatan.com\/wp-content\/uploads\/2019\/07\/Unhe-souhil.jpg\" class=\"attachment-post-thumbnail size-post-thumbnail wp-post-image\" alt=\"\" srcset=\"https:\/\/www.elwatan.com\/wp-content\/uploads\/2019\/07\/Unhe-souhil.jpg 788w, https:\/\/www.elwatan.com\/wp-content\/uploads\/2019\/07\/Unhe-souhil-300x200.jpg 300w, https:\/\/www.elwatan.com\/wp-content\/uploads\/2019\/07\/Unhe-souhil-768x512.jpg 768w\" sizes=\"auto, (max-width: 788px) 100vw, 788px\"\/><\/p>\n<p><\/noscript> <span class=\"featured-image-caption\">23e vendredi \u00e0 Alger. Photo : Souhil B. El Watan<\/span><\/div>\n<p>A Alger, la marche de ce 23e vendredi de la r\u00e9volution pacifique a \u00e9t\u00e9 domin\u00e9e par les slogans \u00ab\u00a0Yetnahaw ga3\u00a0\u00bb, \u00ab\u00a0Etat civil, non militaire\u00a0\u00bb et \u00ab\u00a0Pas de dialogue avec les gangs\u00a0\u00bb.<\/p>\n<p>13h40 \u00e0 Place des martyrs. Les derniers fid\u00e8les quittent la mosqu\u00e9e Ketchaoua au moment o\u00f9 des dizaines de personnes, rassembl\u00e9es \u00e0 l\u2019ombre des arbres, attendent l\u2019arriv\u00e9e des renforts. Quelque minutes plus tard, la foule, l\u00e9g\u00e8rement grossie, marche sur le centre de la ville en scandant \u00ab\u00a0Dawla madania ( Etat civil\u2026)\u00a0\u00bb et \u00ab\u00a0Pas d\u2019\u00e9lections avec les gangs\u00a0\u00bb et d\u2019autres slogans hostiles \u00e0 Ga\u00efd Salah, chef d\u2019\u00e9tat-major de l\u2019arm\u00e9e.<\/p>\n<p><img class=\"alignnone size-medium wp-image-596929 c2\" data-cfsrc=\"https:\/\/www.elwatan.com\/wp-content\/uploads\/2019\/07\/Une-300x225.jpg\" alt=\"\" width=\"300\" height=\"225\" srcset=\"https:\/\/www.elwatan.com\/wp-content\/uploads\/2019\/07\/Une-300x225.jpg 300w, https:\/\/www.elwatan.com\/wp-content\/uploads\/2019\/07\/Une-768x576.jpg 768w, https:\/\/www.elwatan.com\/wp-content\/uploads\/2019\/07\/Une.jpg 960w\" sizes=\"(max-width: 300px) 100vw, 300px\"\/><\/p>\n<p><noscript><\/p>\n<p><img loading=\"lazy\" decoding=\"async\" class=\"alignnone size-medium wp-image-596929\" src=\"https:\/\/www.elwatan.com\/wp-content\/uploads\/2019\/07\/Une-300x225.jpg\" alt=\"\" width=\"300\" height=\"225\" srcset=\"https:\/\/www.elwatan.com\/wp-content\/uploads\/2019\/07\/Une-300x225.jpg 300w, https:\/\/www.elwatan.com\/wp-content\/uploads\/2019\/07\/Une-768x576.jpg 768w, https:\/\/www.elwatan.com\/wp-content\/uploads\/2019\/07\/Une.jpg 960w\" sizes=\"auto, (max-width: 300px) 100vw, 300px\"\/><\/p>\n<p><\/noscript><\/p>\n<p>14h30. L\u2019avenue Pasteur vibre au rythme de \u00ab\u00a0<em>Irhalou, Irhalou<\/em> \u00a0(partez)\u00a0! \u00bb scand\u00e9 par une foule nombreuse, devant un mur de policiers dress\u00e9 \u00e0 l\u2019entr\u00e9e du tunnel des facult\u00e9s. Apr\u00e8s un bref sit-in devant le mur bleu des forces de s\u00e9curit\u00e9, la foule descend vers la rue Didouche occup\u00e9e par une mar\u00e9e humaine. L\u00e0 aussi, les manifestants clament \u00ab\u00a0Etat civil, non militaire\u00a0\u00bb et surtout \u00ab\u00a0Viva l\u2019Alg\u00e9rie Yetnahaw ga3 (Il faut les d\u00e9gagez tous)\u00a0\u00bb. Cela sans omettre de r\u00e9clamer la lib\u00e9ration des d\u00e9tenus d\u2019opinion et du drapeau amazigh\u00a0: \u00ab\u00a0<em>Attalgou weladna<\/em> (lib\u00e9rez nos enfants)\u00a0! \u00bb et \u00ab Lib\u00e9rez Boureg\u00e2a\u00a0!\u00bb<\/p>\n<blockquote class=\"twitter-tweet\" readability=\"5.70731707317\">\n<p dir=\"ltr\" lang=\"tl\"><a href=\"https:\/\/twitter.com\/hashtag\/Alger?src=hash&#038;ref_src=twsrc%5Etfw\">#Alger<\/a>, 23e vendredi : \u00a0\u00bb Yetnahaw ga3 !\u00a0\u00bb <a href=\"https:\/\/t.co\/SmORDRGYfd\">pic.twitter.com\/SmORDRGYfd<\/a><\/p>\n<p>\u2014 Farouk Djouadi (@FaroukDjouadi) <a href=\"https:\/\/twitter.com\/FaroukDjouadi\/status\/1154766513292947457?ref_src=twsrc%5Etfw\">July 26, 2019<\/a><\/p>\n<\/blockquote>\n<p>Au sein de la grande foule, on a pu remarquer la pr\u00e9sence de certains membres de l\u2019ar\u00e9opage politique dit Forces de l\u2019alternative d\u00e9mocratique dont Ali Laskri (FFS) et Ramdane Taazibt du PT. Les deux d\u00e9put\u00e9s portaient, avec leur \u00ab\u00a0camarades\u00a0\u00bb, une banderole sur laquelle \u00e9tait \u00e9crit\u00a0: \u00ab\u00a0Pour le d\u00e9part d\u00e9finitif du syst\u00e8me\u00a0\u00bb.<\/p>\n<p>Quelques m\u00e8tres plus loin, Karim Tabbou d\u00e9chaine les passions. De nombreux manifestants se bousculent pour prendre des selfies avec le fondateur de l\u2019UDS, devenu, au fil des mois, l\u2019une des figures populaires du <em>Hirak.<\/em><\/p>\n<p>Sur les pancartes, les messages des manifestants ont \u00e9t\u00e9 adapt\u00e9s pour r\u00e9pondre \u00e0 l\u2019offre du pouvoir en place qui a d\u00e9sign\u00e9 un <a href=\"https:\/\/www.elwatan.com\/edition\/actualite\/bensalah-invite-la-justice-a-examiner-la-possibilite-de-liberer-les-manifestants-arretes-25-07-2019\">panel de six personnes pour conduire le \u00ab\u00a0dialogue national<\/a>\u00a0\u00bb tout en promettant la lib\u00e9ration des d\u00e9tenus, l\u2019all\u00e8gement du dispositif s\u00e9curitaire et l\u2019ouverture des champs politique et m\u00e9diatique. \u00ab\u00a0Article 2019\u00a0: Yetnahaw ga3\u00a0\u00bb, \u00ab\u00a0Pas de dialogues avec les m\u00e9chants\u00a0\u00bb, \u00ab\u00a0Pas de dialogue avec ceux qui n\u2019ont aucune l\u00e9gitimit\u00e9\u00a0\u00bb, \u00ab le maintien des symboles du gang signifie la continuit\u00e9 du syst\u00e8me\u00a0\u00bb. Karim Younes, membre du Panel des six, a \u00e9t\u00e9 la cible de slogans des plus acerbes. Des slogans qui n\u2019ont pas \u00e9pargn\u00e9, comme chaque vendredi, le chef d\u2019\u00e9tat-major de l\u2019arm\u00e9e, les m\u00e9dias et la justice.<\/p>\n<p><img class=\"alignnone size-medium wp-image-596930 c2\" data-cfsrc=\"https:\/\/www.elwatan.com\/wp-content\/uploads\/2019\/07\/dialogue-300x225.jpg\" alt=\"\" width=\"300\" height=\"225\" srcset=\"https:\/\/www.elwatan.com\/wp-content\/uploads\/2019\/07\/dialogue-300x225.jpg 300w, https:\/\/www.elwatan.com\/wp-content\/uploads\/2019\/07\/dialogue-768x576.jpg 768w, https:\/\/www.elwatan.com\/wp-content\/uploads\/2019\/07\/dialogue.jpg 960w\" sizes=\"(max-width: 300px) 100vw, 300px\"\/><\/p>\n<p><noscript><\/p>\n<p><img loading=\"lazy\" decoding=\"async\" class=\"alignnone size-medium wp-image-596930\" src=\"https:\/\/www.elwatan.com\/wp-content\/uploads\/2019\/07\/dialogue-300x225.jpg\" alt=\"\" width=\"300\" height=\"225\" srcset=\"https:\/\/www.elwatan.com\/wp-content\/uploads\/2019\/07\/dialogue-300x225.jpg 300w, https:\/\/www.elwatan.com\/wp-content\/uploads\/2019\/07\/dialogue-768x576.jpg 768w, https:\/\/www.elwatan.com\/wp-content\/uploads\/2019\/07\/dialogue.jpg 960w\" sizes=\"auto, (max-width: 300px) 100vw, 300px\"\/><\/p>\n<p><\/noscript><\/p>\n<p>Malgr\u00e9 la baisse sensible du nombre des manifestants, li\u00e9e \u00e0 la p\u00e9riode des cong\u00e9s ou probablement \u00e0 d\u2019autres motifs d\u2019ordre politique, la marche de ce 23 vendredi n\u2019a pas perdu de son intensit\u00e9 ni de ses couleurs. \u00ab\u00a0<em>Ya h\u2019na ya ntouma, maranach habssine<\/em> (Soit nous, soit vous ! Nous ne nous arr\u00eaterons jamais) \u00bb, ont clam\u00e9 des dizaines de milliers de manifestants \u00e0 la capitale.<\/p>\n<p><img class=\"alignnone size-medium wp-image-596932 c2\" data-cfsrc=\"https:\/\/www.elwatan.com\/wp-content\/uploads\/2019\/07\/d\u00e9tenus-300x225.jpg\" alt=\"\" width=\"300\" height=\"225\" srcset=\"https:\/\/www.elwatan.com\/wp-content\/uploads\/2019\/07\/d\u00e9tenus-300x225.jpg 300w, https:\/\/www.elwatan.com\/wp-content\/uploads\/2019\/07\/d\u00e9tenus-768x576.jpg 768w, https:\/\/www.elwatan.com\/wp-content\/uploads\/2019\/07\/d\u00e9tenus.jpg 960w\" sizes=\"(max-width: 300px) 100vw, 300px\"\/><\/p>\n<p><noscript><\/p>\n<p><img loading=\"lazy\" decoding=\"async\" class=\"alignnone size-medium wp-image-596932\" src=\"https:\/\/www.elwatan.com\/wp-content\/uploads\/2019\/07\/d%C3%A9tenus-300x225.jpg\" alt=\"\" width=\"300\" height=\"225\" srcset=\"https:\/\/www.elwatan.com\/wp-content\/uploads\/2019\/07\/d\u00e9tenus-300x225.jpg 300w, https:\/\/www.elwatan.com\/wp-content\/uploads\/2019\/07\/d\u00e9tenus-768x576.jpg 768w, https:\/\/www.elwatan.com\/wp-content\/uploads\/2019\/07\/d\u00e9tenus.jpg 960w\" sizes=\"auto, (max-width: 300px) 100vw, 300px\"\/><\/p>\n<p><\/noscript><\/p>\n<p><span class=\"post-views-label\">Post Views:<\/span> <span class=\"post-views-count\">2\u00a0287<\/span><\/p>\n<p><br class=\"c5\"\/><\/p>\n<p>Auteur: Farouk Djouadi<br \/>\n<a href=\"https:\/\/www.elwatan.com\/edition\/actualite\/23e-vendredi-a-alger-les-manifestants-rejettent-le-panel-des-six-et-exigent-le-depart-du-systeme-26-07-2019\">Cliquez ici pour lire l&rsquo;article depuis sa source.<\/a><\/p>\n","protected":false},"excerpt":{"rendered":"<p>23e vendredi \u00e0 Alger. Photo : Souhil B. El Watan A Alger, la marche de ce 23e vendredi de la r\u00e9volution pacifique a \u00e9t\u00e9 domin\u00e9e par les slogans \u00ab\u00a0Yetnahaw ga3\u00a0\u00bb, \u00ab\u00a0Etat civil, non militaire\u00a0\u00bb et \u00ab\u00a0Pas de dialogue avec les gangs\u00a0\u00bb. 13h40 \u00e0 Place des martyrs. Les derniers fid\u00e8les quittent la mosqu\u00e9e Ketchaoua au moment [&hellip;]<\/p>\n","protected":false},"author":1743,"featured_media":48735,"comment_status":"closed","ping_status":"closed","sticky":false,"template":"","format":"standard","meta":{"fifu_image_url":"","fifu_image_alt":"","footnotes":""},"categories":[73,53],"tags":[],"class_list":["post-48734","post","type-post","status-publish","format-standard","has-post-thumbnail","hentry","category-actualite","category-algerie"],"_links":{"self":[{"href":"https:\/\/linitiative.ca\/International\/wp-json\/wp\/v2\/posts\/48734","targetHints":{"allow":["GET"]}}],"collection":[{"href":"https:\/\/linitiative.ca\/International\/wp-json\/wp\/v2\/posts"}],"about":[{"href":"https:\/\/linitiative.ca\/International\/wp-json\/wp\/v2\/types\/post"}],"author":[{"embeddable":true,"href":"https:\/\/linitiative.ca\/International\/wp-json\/wp\/v2\/users\/1743"}],"replies":[{"embeddable":true,"href":"https:\/\/linitiative.ca\/International\/wp-json\/wp\/v2\/comments?post=48734"}],"version-history":[{"count":0,"href":"https:\/\/linitiative.ca\/International\/wp-json\/wp\/v2\/posts\/48734\/revisions"}],"wp:featuredmedia":[{"embeddable":true,"href":"https:\/\/linitiative.ca\/International\/wp-json\/"}],"wp:attachment":[{"href":"https:\/\/linitiative.ca\/International\/wp-json\/wp\/v2\/media?parent=48734"}],"wp:term":[{"taxonomy":"category","embeddable":true,"href":"https:\/\/linitiative.ca\/International\/wp-json\/wp\/v2\/categories?post=48734"},{"taxonomy":"post_tag","embeddable":true,"href":"https:\/\/linitiative.ca\/International\/wp-json\/wp\/v2\/tags?post=48734"}],"curies":[{"name":"wp","href":"https:\/\/api.w.org\/{rel}","templated":true}]}}