{"id":48736,"date":"2019-07-26T13:33:38","date_gmt":"2019-07-26T17:33:38","guid":{"rendered":"https:\/\/linitiative.ca\/International\/23e-vendredi-a-cherchell-la-foule-ne-lache-pas\/"},"modified":"2019-07-26T13:33:38","modified_gmt":"2019-07-26T17:33:38","slug":"23e-vendredi-a-cherchell-la-foule-ne-lache-pas","status":"publish","type":"post","link":"https:\/\/linitiative.ca\/International\/23e-vendredi-a-cherchell-la-foule-ne-lache-pas\/","title":{"rendered":"23e vendredi \u00e0 Cherchell : la foule ne l\u00e2che pas"},"content":{"rendered":"<h4 class=\"title-14\"\/>\n<div class=\"featured_image\"><img width=\"1632\" height=\"1224\" data-cfsrc=\"https:\/\/www.elwatan.com\/wp-content\/uploads\/2019\/07\/cherchel-1-1.jpg\" class=\"attachment-post-thumbnail size-post-thumbnail wp-post-image c2\" alt=\"\" srcset=\"https:\/\/www.elwatan.com\/wp-content\/uploads\/2019\/07\/cherchel-1-1.jpg 1632w, https:\/\/www.elwatan.com\/wp-content\/uploads\/2019\/07\/cherchel-1-1-300x225.jpg 300w, https:\/\/www.elwatan.com\/wp-content\/uploads\/2019\/07\/cherchel-1-1-768x576.jpg 768w, https:\/\/www.elwatan.com\/wp-content\/uploads\/2019\/07\/cherchel-1-1-1024x768.jpg 1024w, https:\/\/www.elwatan.com\/wp-content\/uploads\/2019\/07\/cherchel-1-1-1320x990.jpg 1320w\" sizes=\"(max-width: 1632px) 100vw, 1632px\"\/><noscript><\/p>\n<p><img loading=\"lazy\" decoding=\"async\" width=\"1632\" height=\"1224\" src=\"https:\/\/www.elwatan.com\/wp-content\/uploads\/2019\/07\/cherchel-1-1.jpg\" class=\"attachment-post-thumbnail size-post-thumbnail wp-post-image\" alt=\"\" srcset=\"https:\/\/www.elwatan.com\/wp-content\/uploads\/2019\/07\/cherchel-1-1.jpg 1632w, https:\/\/www.elwatan.com\/wp-content\/uploads\/2019\/07\/cherchel-1-1-300x225.jpg 300w, https:\/\/www.elwatan.com\/wp-content\/uploads\/2019\/07\/cherchel-1-1-768x576.jpg 768w, https:\/\/www.elwatan.com\/wp-content\/uploads\/2019\/07\/cherchel-1-1-1024x768.jpg 1024w, https:\/\/www.elwatan.com\/wp-content\/uploads\/2019\/07\/cherchel-1-1-1320x990.jpg 1320w\" sizes=\"auto, (max-width: 1632px) 100vw, 1632px\"\/><\/p>\n<p><\/noscript> <span class=\"featured-image-caption\">23e vendredi \u00e0 Cherchell ( Tipasa). Photo : M&rsquo;Hamed H.<\/span><\/div>\n<p>Au sein de la grande foule, un professeur de m\u00e9decine dans l\u2019un des grands CHU du centre du pays, sa t\u00eate couverte par un bob, passait inaper\u00e7u parmi des manifestants. Un enseignant en retraite brandissait l\u2019embl\u00e8me national. Un docteur, enseignant \u00e0 l\u2019universit\u00e9 d\u2019Alger tenait dans ses mains sa ni\u00e8ce. Des jeunes ouvriers, un juriste accompagn\u00e9 de ses amis\u2026<\/p>\n<p>Quelques femmes se joignent \u00e0 la mar\u00e9e humaine. Il fait tr\u00e8s chaud en cette journ\u00e9e du vendredi 26 juillet. Le taux d\u2019humidit\u00e9 est trop \u00e9lev\u00e9. Les visages des manifestants sont couverts de sueur. Le noyau du hirak local ne l\u00e2che pas. Certains citoyens invitent \u00e0 vive voix les compatriotes debout \u00e0 l\u2019ombre \u00e0 se joindre avec eux.\u00a0 D\u00e8s l\u2019entamer de la procession, les manifestants empruntent le parcours.<\/p>\n<p>La presse est fustig\u00e9e \u00e0 haute voix par les manifestants, critiqu\u00e9e par son absence dans le combat des citoyens. Leur moulinette commence \u00e0 fonctionner \u00e0 l\u2019\u00e9gard des hommes de la presse, avant de s\u2019\u00e9taler sur d\u2019autres th\u00e8mes. <em>\u00ab\u00a0Les cha\u00eenes de t\u00e9l\u00e9vision et de radios alg\u00e9riennes, y compris les journaux ne s\u2019int\u00e9ressent plus aux manifestations du vendredi et \u00e0 celles des \u00e9tudiants malheureusement, leurs journalistes sont les chiyatines du syst\u00e8me\u00a0\u00bb<\/em> nous d\u00e9clarent les manifestants.<\/p>\n<p><img class=\"alignnone size-medium wp-image-596937 c2\" data-cfsrc=\"https:\/\/www.elwatan.com\/wp-content\/uploads\/2019\/07\/cherchel-2-300x225.jpg\" alt=\"\" width=\"300\" height=\"225\" srcset=\"https:\/\/www.elwatan.com\/wp-content\/uploads\/2019\/07\/cherchel-2-300x225.jpg 300w, https:\/\/www.elwatan.com\/wp-content\/uploads\/2019\/07\/cherchel-2-768x576.jpg 768w, https:\/\/www.elwatan.com\/wp-content\/uploads\/2019\/07\/cherchel-2-1024x768.jpg 1024w, https:\/\/www.elwatan.com\/wp-content\/uploads\/2019\/07\/cherchel-2-1320x990.jpg 1320w\" sizes=\"(max-width: 300px) 100vw, 300px\"\/><\/p>\n<p><noscript><\/p>\n<p><img loading=\"lazy\" decoding=\"async\" class=\"alignnone size-medium wp-image-596937\" src=\"https:\/\/www.elwatan.com\/wp-content\/uploads\/2019\/07\/cherchel-2-300x225.jpg\" alt=\"\" width=\"300\" height=\"225\" srcset=\"https:\/\/www.elwatan.com\/wp-content\/uploads\/2019\/07\/cherchel-2-300x225.jpg 300w, https:\/\/www.elwatan.com\/wp-content\/uploads\/2019\/07\/cherchel-2-768x576.jpg 768w, https:\/\/www.elwatan.com\/wp-content\/uploads\/2019\/07\/cherchel-2-1024x768.jpg 1024w, https:\/\/www.elwatan.com\/wp-content\/uploads\/2019\/07\/cherchel-2-1320x990.jpg 1320w\" sizes=\"auto, (max-width: 300px) 100vw, 300px\"\/><\/p>\n<p><\/noscript><\/p>\n<p>Quelques m\u00e8tres plus loin, un groupe de manifestants se rapprochent de nous, <strong>\u00ab<\/strong>\u00a0ce n\u2019est pas vous et votre journal qui sont concern\u00e9s par les critiques, il s\u2019agit des autres m\u00e9dias, nous avons remarqu\u00e9 votre pr\u00e9sence et le soutien de votre quotidien \u00e0 nos manifestations\u00a0\u00bb, nous assurent-ils. <em>\u00ab\u00a0Dawla madaniya machi \u00e2askariya\u00a0\u00bb,<\/em> <em>\u00ab\u00a0manach talkine essarakine\u00a0\u00bb \u00ab\u00a0pas de dialogue avec le gang et les symboles du syst\u00e8me\u00a0\u00bb<\/em>\u00a0; <em>\u00ab\u00a0samidoune, samidoune\u00a0\u00bb\u00a0<\/em>; <em>\u00ab\u00a0ech\u00e2ab yourid el istiklal<\/em>\u00a0\u00bb\u00a0; <em>\u00ab\u00a0silmiya, silmiya\u00a0\u00bb<\/em>\u00a0; <em>\u00ab\u00a0one two, three, viva l\u2019Alg\u00e9rie\u00a0\u00bb\u00a0<\/em>; <em>\u00ab\u00a0rana habina dawla madaniya yal Gaid\u00a0\u00bb,<\/em> tels sont les quelques slogans qui surgissaient de la mar\u00e9e humaine en ce 23<sup>\u00e8me<\/sup> vendredi.<\/p>\n<p>A Hadjout, les manifestants continuent \u00e0 insister sur l\u2019application des articles 7 et 8 de la constitution.<\/p>\n<p>Au chef lieu de la wilaya de Tipasa, les manifestants ne se sont pas emp\u00each\u00e9s de critiquer le patron de l\u2019ANP, Gaid Salah. Ils ont r\u00e9it\u00e9r\u00e9 leur d\u00e9saccord au dialogue avec les repr\u00e9sentants du syst\u00e8me toujours en place, qui sont \u00e0 l\u2019origine du malheur du peuple alg\u00e9rien, de surcro\u00eet ayant \u00e0 chaque fois confisqu\u00e9 la volont\u00e9 du peuple lors de chaque \u00e9lection depuis l\u2019Ind\u00e9pendance du pays. <em>\u00ab\u00a0Ma etkalkhounach bel kahloucha\u00a0\u00bb<\/em><strong><em>,<\/em><\/strong> en r\u00e9f\u00e9rence avec la victoire des verts \u00e0 la derni\u00e8re CAN, avaient-t-ils scand\u00e9 lors de ce 23<sup>\u00e8me<\/sup> vendredi de la R\u00e9volution du sourire.<\/p>\n<p><span class=\"post-views-label\">Post Views:<\/span> <span class=\"post-views-count\">290<\/span><\/p>\n<p><br class=\"c4\"\/><\/p>\n<p>Auteur: Farouk Djouadi<br \/>\n<a href=\"https:\/\/www.elwatan.com\/edition\/actualite\/23e-vendredi-a-cherchell-la-foule-ne-lache-pas-26-07-2019\">Cliquez ici pour lire l&rsquo;article depuis sa source.<\/a><\/p>\n","protected":false},"excerpt":{"rendered":"<p>23e vendredi \u00e0 Cherchell ( Tipasa). Photo : M&rsquo;Hamed H. Au sein de la grande foule, un professeur de m\u00e9decine dans l\u2019un des grands CHU du centre du pays, sa t\u00eate couverte par un bob, passait inaper\u00e7u parmi des manifestants. Un enseignant en retraite brandissait l\u2019embl\u00e8me national. Un docteur, enseignant \u00e0 l\u2019universit\u00e9 d\u2019Alger tenait dans [&hellip;]<\/p>\n","protected":false},"author":1743,"featured_media":48737,"comment_status":"closed","ping_status":"closed","sticky":false,"template":"","format":"standard","meta":{"fifu_image_url":"","fifu_image_alt":"","footnotes":""},"categories":[73,53],"tags":[],"class_list":["post-48736","post","type-post","status-publish","format-standard","has-post-thumbnail","hentry","category-actualite","category-algerie"],"_links":{"self":[{"href":"https:\/\/linitiative.ca\/International\/wp-json\/wp\/v2\/posts\/48736","targetHints":{"allow":["GET"]}}],"collection":[{"href":"https:\/\/linitiative.ca\/International\/wp-json\/wp\/v2\/posts"}],"about":[{"href":"https:\/\/linitiative.ca\/International\/wp-json\/wp\/v2\/types\/post"}],"author":[{"embeddable":true,"href":"https:\/\/linitiative.ca\/International\/wp-json\/wp\/v2\/users\/1743"}],"replies":[{"embeddable":true,"href":"https:\/\/linitiative.ca\/International\/wp-json\/wp\/v2\/comments?post=48736"}],"version-history":[{"count":0,"href":"https:\/\/linitiative.ca\/International\/wp-json\/wp\/v2\/posts\/48736\/revisions"}],"wp:featuredmedia":[{"embeddable":true,"href":"https:\/\/linitiative.ca\/International\/wp-json\/"}],"wp:attachment":[{"href":"https:\/\/linitiative.ca\/International\/wp-json\/wp\/v2\/media?parent=48736"}],"wp:term":[{"taxonomy":"category","embeddable":true,"href":"https:\/\/linitiative.ca\/International\/wp-json\/wp\/v2\/categories?post=48736"},{"taxonomy":"post_tag","embeddable":true,"href":"https:\/\/linitiative.ca\/International\/wp-json\/wp\/v2\/tags?post=48736"}],"curies":[{"name":"wp","href":"https:\/\/api.w.org\/{rel}","templated":true}]}}