{"id":48738,"date":"2019-07-26T15:15:18","date_gmt":"2019-07-26T19:15:18","guid":{"rendered":"https:\/\/linitiative.ca\/International\/23e-vendredi-a-mascara-pas-de-dialogue-avec-le-gang\/"},"modified":"2019-07-26T15:15:18","modified_gmt":"2019-07-26T19:15:18","slug":"23e-vendredi-a-mascara-pas-de-dialogue-avec-le-gang","status":"publish","type":"post","link":"https:\/\/linitiative.ca\/International\/23e-vendredi-a-mascara-pas-de-dialogue-avec-le-gang\/","title":{"rendered":"23e vendredi \u00e0 Mascara : \u00ab Pas de dialogue avec le gang \u00bb"},"content":{"rendered":"<h4 class=\"title-14\"\/>\n<div class=\"featured_image\"><img width=\"1142\" height=\"640\" data-cfsrc=\"https:\/\/www.elwatan.com\/wp-content\/uploads\/2019\/07\/mascara-23.jpg\" class=\"attachment-post-thumbnail size-post-thumbnail wp-post-image c2\" alt=\"\" srcset=\"https:\/\/www.elwatan.com\/wp-content\/uploads\/2019\/07\/mascara-23.jpg 1142w, https:\/\/www.elwatan.com\/wp-content\/uploads\/2019\/07\/mascara-23-300x168.jpg 300w, https:\/\/www.elwatan.com\/wp-content\/uploads\/2019\/07\/mascara-23-768x430.jpg 768w, https:\/\/www.elwatan.com\/wp-content\/uploads\/2019\/07\/mascara-23-1024x574.jpg 1024w\" sizes=\"(max-width: 1142px) 100vw, 1142px\"\/><noscript><\/p>\n<p><img loading=\"lazy\" decoding=\"async\" width=\"1142\" height=\"640\" src=\"https:\/\/www.elwatan.com\/wp-content\/uploads\/2019\/07\/mascara-23.jpg\" class=\"attachment-post-thumbnail size-post-thumbnail wp-post-image\" alt=\"\" srcset=\"https:\/\/www.elwatan.com\/wp-content\/uploads\/2019\/07\/mascara-23.jpg 1142w, https:\/\/www.elwatan.com\/wp-content\/uploads\/2019\/07\/mascara-23-300x168.jpg 300w, https:\/\/www.elwatan.com\/wp-content\/uploads\/2019\/07\/mascara-23-768x430.jpg 768w, https:\/\/www.elwatan.com\/wp-content\/uploads\/2019\/07\/mascara-23-1024x574.jpg 1024w\" sizes=\"auto, (max-width: 1142px) 100vw, 1142px\"\/><\/p>\n<p><\/noscript> <span class=\"featured-image-caption\">Manifestants devant la maison de la presse de Mascara. Photo Abdelouahab S.<\/span><\/div>\n<p><em>\u00abLa hiwar ma\u00e2 elissaba (Pas de dialogue avec la bande de voleurs) \u00bb<\/em>, telle \u00e9tait la r\u00e9ponse des militants du mouvement populaire de la wilaya de Mascara, en ce 23<sup>e<\/sup> vendredi de mobilisation, au Panel de personnalit\u00e9s charg\u00e9es de mener le dialogue.<\/p>\n<p>\u00ab<em>Makanche elhiwar ma\u00e2 elissabate (Pas de dialogue avec les bandes de voleurs)<\/em>\u00bb et \u00ab<em>Dawla madania machi askaria (Un \u00c9tat civil et non pas militaire)<\/em>\u00bb, scandaient les manifestants, sous un soleil de plomb, \u00e0 la place \u00c9mir Abdelkader, en plein centre-ville de Mascara, avant l\u2019entame de la marche pacifique.<\/p>\n<p>En ce 23 vendredi, Hadj Ghermoul fait son apparition. C\u2019est \u00e7a premi\u00e8re participation au hirak Ech-cha\u00e2bi (Mouvement populaire). \u00ab<em>Chaque vendredi, lors de mon incarc\u00e9ration, mon c\u0153ur bat tr\u00e8s fort. Aujourd\u2019hui, je suis tr\u00e8s heureux d\u2019\u00eatre parmi mes fr\u00e8res. Le combat continu<\/em>\u00bb, nous dit-il.<\/p>\n<p>En empruntant le boulevard du 1<sup>er<\/sup> novembre 1945, les marcheurs marquent une halte devant le si\u00e8ge du FLN pour scander\u00a0: \u00ab<em>FLN et RND, tous \u00e0 la prison d\u2019El Harrach<\/em>\u00bb et \u00ab<em>FLN, RND, d\u00e9gagez.<\/em>\u00bb<\/p>\n<p>Plusieurs autres slogans ont \u00e9t\u00e9 scand\u00e9 \u00e0 tue-t\u00eate par les manifestants durant tout leur parcours \u00e0 savoir\u00a0: \u00ab<em>Atalguo khoutna ya elhagarine (Lib\u00e9rez nos fr\u00e8res, oppresseurs)<\/em>\u00bb, \u00ab<em>Si El Haoues maranache labes (Si El Haoues, on n\u2019est pas bien)<\/em>\u00bb et \u00ab<em>mada 7, mada 8, solta li cha\u00e2b (Articles 7 et 8 pouvoir au peule).<\/em>\u00bb<\/p>\n<p>M\u00eame la presse a eu sa part de slogans hostiles. Arriv\u00e9s devant la maison de la presse, les militants du mouvement populaire ont tir\u00e9 \u00e0 boulets rouges sur les m\u00e9dias. \u00ab\u00a0Sahafate el \u00e2r (presse de la honte)\u00bb, \u00abSahafa chiyatine (Journalistes laudateurs)\u00bb et \u00ab<em>sahafa mounbatiha (presse \u00e0-plat-ventrisme)<\/em>\u00bb, scandaient les hirakistes.<\/p>\n<p><span class=\"post-views-label\">Post Views:<\/span> <span class=\"post-views-count\">126<\/span><\/p>\n<p><br class=\"c4\"\/><\/p>\n<p>Auteur: Farouk Djouadi<br \/>\n<a href=\"https:\/\/www.elwatan.com\/edition\/actualite\/23e-vendredi-a-mascara-pas-de-dialogue-avec-le-gang-26-07-2019\">Cliquez ici pour lire l&rsquo;article depuis sa source.<\/a><\/p>\n","protected":false},"excerpt":{"rendered":"<p>Manifestants devant la maison de la presse de Mascara. Photo Abdelouahab S. \u00abLa hiwar ma\u00e2 elissaba (Pas de dialogue avec la bande de voleurs) \u00bb, telle \u00e9tait la r\u00e9ponse des militants du mouvement populaire de la wilaya de Mascara, en ce 23e vendredi de mobilisation, au Panel de personnalit\u00e9s charg\u00e9es de mener le dialogue. \u00abMakanche [&hellip;]<\/p>\n","protected":false},"author":1743,"featured_media":48739,"comment_status":"closed","ping_status":"closed","sticky":false,"template":"","format":"standard","meta":{"fifu_image_url":"","fifu_image_alt":"","footnotes":""},"categories":[73,53],"tags":[],"class_list":["post-48738","post","type-post","status-publish","format-standard","has-post-thumbnail","hentry","category-actualite","category-algerie"],"_links":{"self":[{"href":"https:\/\/linitiative.ca\/International\/wp-json\/wp\/v2\/posts\/48738","targetHints":{"allow":["GET"]}}],"collection":[{"href":"https:\/\/linitiative.ca\/International\/wp-json\/wp\/v2\/posts"}],"about":[{"href":"https:\/\/linitiative.ca\/International\/wp-json\/wp\/v2\/types\/post"}],"author":[{"embeddable":true,"href":"https:\/\/linitiative.ca\/International\/wp-json\/wp\/v2\/users\/1743"}],"replies":[{"embeddable":true,"href":"https:\/\/linitiative.ca\/International\/wp-json\/wp\/v2\/comments?post=48738"}],"version-history":[{"count":0,"href":"https:\/\/linitiative.ca\/International\/wp-json\/wp\/v2\/posts\/48738\/revisions"}],"wp:featuredmedia":[{"embeddable":true,"href":"https:\/\/linitiative.ca\/International\/wp-json\/"}],"wp:attachment":[{"href":"https:\/\/linitiative.ca\/International\/wp-json\/wp\/v2\/media?parent=48738"}],"wp:term":[{"taxonomy":"category","embeddable":true,"href":"https:\/\/linitiative.ca\/International\/wp-json\/wp\/v2\/categories?post=48738"},{"taxonomy":"post_tag","embeddable":true,"href":"https:\/\/linitiative.ca\/International\/wp-json\/wp\/v2\/tags?post=48738"}],"curies":[{"name":"wp","href":"https:\/\/api.w.org\/{rel}","templated":true}]}}