{"id":48740,"date":"2019-07-26T08:26:00","date_gmt":"2019-07-26T12:26:00","guid":{"rendered":"https:\/\/linitiative.ca\/International\/beji-caid-essebsi-pourquoi-avoir-attendu-sa-mort\/"},"modified":"2019-07-26T08:26:00","modified_gmt":"2019-07-26T12:26:00","slug":"beji-caid-essebsi-pourquoi-avoir-attendu-sa-mort","status":"publish","type":"post","link":"https:\/\/linitiative.ca\/International\/beji-caid-essebsi-pourquoi-avoir-attendu-sa-mort\/","title":{"rendered":"Beji Ca\u00efd Essebsi: Pourquoi avoir attendu sa mort"},"content":{"rendered":"<p>Le Tunisien est-il un schizophr\u00e8ne qui s&rsquo;ignore ? Aucun chef d&rsquo;Etat tunisien n&rsquo;aura \u00e9t\u00e9 diabolis\u00e9 autant de son vivant comme\u00a0 B\u00e9ji Ca\u00efd Essebsi ; vu tra\u00eener son\u00a0 honneur dans la boue ; accus\u00e9 de tous les maux ; diffam\u00e9 par les journaux sans le moindre \u00e9gard pour ses fonctions, ni pour son \u00e2ge et en m\u00eame temps eu cette capacit\u00e9 de r\u00e9silience face \u00e0 l&rsquo;adversit\u00e9.<\/p>\n<p>Pourquoi a-il fallu huit ans et sa mort pour que ses contempteurs se d\u00e9disent et, pour faire bonne mesure, tomber dans la flagornerie ?<\/p>\n<p>Pourquoi a-t-il fallu huit ans et sa mort pour prendre conscience de l&rsquo;inanit\u00e9 de nos tiraillements ?<\/p>\n<p>Pourquoi avoir attendu huit ans et sa mort pour que lesTunisiens communient dans la m\u00eame ferveur ?<\/p>\n<p>Pourquoi avoir attendu huit ans\u00a0 et sa mort pour que les Tunisiens\u00a0 red\u00e9couvrent leur tunisianit\u00e9 ?<\/p>\n<p>Pourquoi n&rsquo;aimons-nous nos dirigeants qu&rsquo;apr\u00e8s leur disparition ?<br \/>Pourquoi sommes-nous le peuple de la d\u00e9mesure ?<\/p>\n<p>Pourquoi n&rsquo;aimons-nous pas notre pays ?<\/p>\n<p>Auteur:<br \/>\n<a href=\"https:\/\/www.leaders.com.tn\/article\/27595-beji-caid-essebsi-pourquoi-avoir-attendu-sa-mort\">Cliquez ici pour lire l&rsquo;article depuis sa source.<\/a><\/p>\n","protected":false},"excerpt":{"rendered":"<p>Le Tunisien est-il un schizophr\u00e8ne qui s&rsquo;ignore ? Aucun chef d&rsquo;Etat tunisien n&rsquo;aura \u00e9t\u00e9 diabolis\u00e9 autant de son vivant comme\u00a0 B\u00e9ji Ca\u00efd Essebsi ; vu tra\u00eener son\u00a0 honneur dans la boue ; accus\u00e9 de tous les maux ; diffam\u00e9 par les journaux sans le moindre \u00e9gard pour ses fonctions, ni pour son \u00e2ge et en [&hellip;]<\/p>\n","protected":false},"author":1772,"featured_media":0,"comment_status":"closed","ping_status":"closed","sticky":false,"template":"","format":"standard","meta":{"fifu_image_url":"","fifu_image_alt":"","footnotes":""},"categories":[73,55],"tags":[],"class_list":["post-48740","post","type-post","status-publish","format-standard","hentry","category-actualite","category-tunisie"],"_links":{"self":[{"href":"https:\/\/linitiative.ca\/International\/wp-json\/wp\/v2\/posts\/48740","targetHints":{"allow":["GET"]}}],"collection":[{"href":"https:\/\/linitiative.ca\/International\/wp-json\/wp\/v2\/posts"}],"about":[{"href":"https:\/\/linitiative.ca\/International\/wp-json\/wp\/v2\/types\/post"}],"author":[{"embeddable":true,"href":"https:\/\/linitiative.ca\/International\/wp-json\/wp\/v2\/users\/1772"}],"replies":[{"embeddable":true,"href":"https:\/\/linitiative.ca\/International\/wp-json\/wp\/v2\/comments?post=48740"}],"version-history":[{"count":0,"href":"https:\/\/linitiative.ca\/International\/wp-json\/wp\/v2\/posts\/48740\/revisions"}],"wp:attachment":[{"href":"https:\/\/linitiative.ca\/International\/wp-json\/wp\/v2\/media?parent=48740"}],"wp:term":[{"taxonomy":"category","embeddable":true,"href":"https:\/\/linitiative.ca\/International\/wp-json\/wp\/v2\/categories?post=48740"},{"taxonomy":"post_tag","embeddable":true,"href":"https:\/\/linitiative.ca\/International\/wp-json\/wp\/v2\/tags?post=48740"}],"curies":[{"name":"wp","href":"https:\/\/api.w.org\/{rel}","templated":true}]}}