{"id":48741,"date":"2019-07-26T09:48:00","date_gmt":"2019-07-26T13:48:00","guid":{"rendered":"https:\/\/linitiative.ca\/International\/horchani-caid-essebsi-un-immense-souci-pour-la-defense-des-interets-de-la-tunisie-et-de-sa-souverainete\/"},"modified":"2019-07-26T09:48:00","modified_gmt":"2019-07-26T13:48:00","slug":"horchani-caid-essebsi-un-immense-souci-pour-la-defense-des-interets-de-la-tunisie-et-de-sa-souverainete","status":"publish","type":"post","link":"https:\/\/linitiative.ca\/International\/horchani-caid-essebsi-un-immense-souci-pour-la-defense-des-interets-de-la-tunisie-et-de-sa-souverainete\/","title":{"rendered":"Horchani : Ca\u00efd Essebsi, un immense souci pour la d\u00e9fense des int\u00e9r\u00eats de la Tunisie et de sa souverainet\u00e9"},"content":{"rendered":"<p>\u00ab Je rends hommage \u00e0 un homme sous la supervision duquel j\u2019ai travaill\u00e9 pendant pr\u00e8s de trois ann\u00e9es en tant que premier ministre de la D\u00e9fense nationale de la deuxi\u00e8me R\u00e9publique tunisienne, <em>\u00e9crit le Pr Farhat Horchani<\/em>. Un homme qui a marqu\u00e9 et marquera \u00e0 jamais l\u2019histoire de la Tunisie d\u00e9mocratique.<\/p>\n<p>Pendant cette p\u00e9riode qui peut \u00eatre consid\u00e9r\u00e9e comme l\u2019une des plus difficiles de la transition d\u00e9mocratique, J\u2019ai pu mesurer les grandes qualit\u00e9s d\u2019un homme dou\u00e9 de qualit\u00e9s exceptionnelles, dot\u00e9 en m\u00eame temps d\u2019une grande \u00e9l\u00e9vation intellectuelle et d\u2019un grand sens du r\u00e9el.\u00a0<\/p>\n<p>J\u2019ai pu appr\u00e9cier surtout un v\u00e9ritable homme d\u2019Etat qui a un immense souci pour la d\u00e9fense des int\u00e9r\u00eats de la Tunisie et de sa souverainet\u00e9.\u00a0\u00a0<\/p>\n<p>Au-del\u00e0 de sa personne, sa disparition n\u2019est pas une perte ordinaire. C\u2019est un pan entier de l\u2019histoire de la Tunisie qui dispara\u00eet. Mais comme il aime reprendre lui-m\u00eame la phrase c\u00e9l\u00e8bre : Les personnes passent, l\u2019Etat reste ! Travailler avec lui \u00e9tait une grande chance&#8230; \u00bb<\/p>\n<p>Auteur:<br \/>\n<a href=\"https:\/\/www.leaders.com.tn\/article\/27596-horchani-caid-essebsi-un-immense-souci-pour-la-defense-des-interets-de-la-tunisie-et-de-sa-souverainete\">Cliquez ici pour lire l&rsquo;article depuis sa source.<\/a><\/p>\n","protected":false},"excerpt":{"rendered":"<p>\u00ab Je rends hommage \u00e0 un homme sous la supervision duquel j\u2019ai travaill\u00e9 pendant pr\u00e8s de trois ann\u00e9es en tant que premier ministre de la D\u00e9fense nationale de la deuxi\u00e8me R\u00e9publique tunisienne, \u00e9crit le Pr Farhat Horchani. Un homme qui a marqu\u00e9 et marquera \u00e0 jamais l\u2019histoire de la Tunisie d\u00e9mocratique. Pendant cette p\u00e9riode qui [&hellip;]<\/p>\n","protected":false},"author":1772,"featured_media":0,"comment_status":"closed","ping_status":"closed","sticky":false,"template":"","format":"standard","meta":{"fifu_image_url":"","fifu_image_alt":"","footnotes":""},"categories":[73,55],"tags":[],"class_list":["post-48741","post","type-post","status-publish","format-standard","hentry","category-actualite","category-tunisie"],"_links":{"self":[{"href":"https:\/\/linitiative.ca\/International\/wp-json\/wp\/v2\/posts\/48741","targetHints":{"allow":["GET"]}}],"collection":[{"href":"https:\/\/linitiative.ca\/International\/wp-json\/wp\/v2\/posts"}],"about":[{"href":"https:\/\/linitiative.ca\/International\/wp-json\/wp\/v2\/types\/post"}],"author":[{"embeddable":true,"href":"https:\/\/linitiative.ca\/International\/wp-json\/wp\/v2\/users\/1772"}],"replies":[{"embeddable":true,"href":"https:\/\/linitiative.ca\/International\/wp-json\/wp\/v2\/comments?post=48741"}],"version-history":[{"count":0,"href":"https:\/\/linitiative.ca\/International\/wp-json\/wp\/v2\/posts\/48741\/revisions"}],"wp:attachment":[{"href":"https:\/\/linitiative.ca\/International\/wp-json\/wp\/v2\/media?parent=48741"}],"wp:term":[{"taxonomy":"category","embeddable":true,"href":"https:\/\/linitiative.ca\/International\/wp-json\/wp\/v2\/categories?post=48741"},{"taxonomy":"post_tag","embeddable":true,"href":"https:\/\/linitiative.ca\/International\/wp-json\/wp\/v2\/tags?post=48741"}],"curies":[{"name":"wp","href":"https:\/\/api.w.org\/{rel}","templated":true}]}}