{"id":48742,"date":"2019-07-26T10:33:00","date_gmt":"2019-07-26T14:33:00","guid":{"rendered":"https:\/\/linitiative.ca\/International\/beji-caid-essebsi-faire-la-part-des-choses\/"},"modified":"2019-07-26T10:33:00","modified_gmt":"2019-07-26T14:33:00","slug":"beji-caid-essebsi-faire-la-part-des-choses","status":"publish","type":"post","link":"https:\/\/linitiative.ca\/International\/beji-caid-essebsi-faire-la-part-des-choses\/","title":{"rendered":"B\u00e9ji Ca\u00efd Essebsi : Faire la part des choses"},"content":{"rendered":"<p><em><span class=\"c2\"><strong>Par Dr Mohamed Salah Ben Ammar &#8211;<\/strong><\/span><\/em> Il y a un temps pour tout. Le temps du recueillement impose des r\u00e8gles non \u00e9crites mais largement partag\u00e9es. Gare \u00e0 celui ou celle qui s\u2019en \u00e9carte. Je dirai de fa\u00e7on exp\u00e9ditive nous glorifions la mort et les morts, du moins dans un premier temps, c\u2019est culturel. La mort entra\u00eene en nous une sorte d\u2019unanimisme autour des qualit\u00e9s du disparu. A l\u2019unisson la communaut\u00e9 se met spontan\u00e9ment \u00e0 jouer une partition o\u00f9 les voix dissonantes sont inaudibles. Dans cette chorale les hypocrites sont souvent au premier rang. Le concert de louanges entendues apr\u00e8s le d\u00e9c\u00e8s du pr\u00e9sident B\u00e9ji Caid Essebsi en est une illustration.<\/p>\n<p>Evidemment le parcours de l\u2019homme est exceptionnel, sa personnalit\u00e9 sort du lot, les historiens se chargeront plus tard de faire la part des choses dans son action dans l\u2019\u00e9dification de la Tunisie moderne et surtout dans sa contribution dans la transition d\u00e9mocratique depuis 2011. Certains le qualifieront de rus\u00e9, d\u2019autres de pragmatique, mais personne ne peut contester son savoir-faire politique ind\u00e9niablement c\u2019\u00e9tait un homme d\u2019Etat et surtout une personne attachante qui ne laissait personne indiff\u00e9rent. D\u00e9but 2011, j\u2019ai lu d\u2019une traite son autobiographie. Il est \u00e0 mes yeux l\u2019incarnation de ces rares b\u00e2tisseurs d\u2019apr\u00e8s l\u2019ind\u00e9pendance qui ont r\u00e9ussi, avec \u00e9videmment leurs qualit\u00e9s et leurs d\u00e9fauts.<\/p>\n<p>Les plus anciens s\u2019en souviennent, le grand Bourguiba alors au fa\u00eete de sa gloire, aimait r\u00e9gler quelques comptes en public lors de discours fleuves diffus\u00e9s \u00e0 la radio et \u00e0 la t\u00e9l\u00e9vision en directe. Un jour au parlement il a voulu \u00e9gratign\u00e9 le pr\u00e9sident B\u00e9ji Caid Essebsi, celui-ci ne s\u2019est pas laiss\u00e9 faire et en public, au parlement devant les cam\u00e9ras de t\u00e9l\u00e9vision, il s\u2019est lev\u00e9 et a interrompu Bourguiba pour d\u00e9mentir ses propos. J\u2019ai eu l\u2019occasion de rappeler cet \u00e9pisode au pr\u00e9sident disparu qui m\u2019a fait une le\u00e7on dont je me souviens encore. Il m\u2019avait dit en substance que bien qu\u2019il avait raison sur le fond qu\u2019il regrettait d\u2019avoir r\u00e9agi ainsi. Tout B\u00e9ji Caid Essebsi est dans cette fa\u00e7on d\u2019aborder les probl\u00e8mes. Tout en souplesse et l\u2019Etat avant les personnes.<\/p>\n<p>Il est entr\u00e9 dans l\u2019histoire de la Tunisie comme un patriote, un grand serviteur de l\u2019Etat et contrairement aux apparences un homme de conviction. C\u2019\u00e9tait un Bourguibiste \u00e9clair\u00e9, son livre Habib Bourguiba le bon grain de l\u2019ivraie en est si besoin est la preuve. De fait on l\u2019oublie souvent, l\u2019\u00e9dification d\u2019un Etat tunisien structur\u00e9, p\u00e9renne a \u00e9t\u00e9 pour lui comme pour toute la jeune g\u00e9n\u00e9ration de Bourguibistes, Mongi Slim, Bahi Ladgham, Taieb Mhiri, Sadok Mkaddem, Ahmed Mestiri, Ahmed Ben Salah, Hassib Ben Ammar, H\u00e9di Chaker, Mohamed Masmoudi, Mahmoud Messadi, Radhia Haddad, Chedli Klibi, Mondher Ben Ammar et d\u2019autres, l\u2019\u0153uvre d\u2019une vie. Rendez-vous compte la moyenne d\u2019\u00e2ge de la plupart de ces ministres (appel\u00e9s alors Secr\u00e9taire d\u2019Etat) \u00e9tait de 30 ans et le gouvernement comptait moins de 20 personnes. Le pr\u00e9sident B\u00e9ji Caid Essebsi n\u2019\u00e9tait pas que l\u2019un d\u2019eux, il \u00e9tait l\u2019un des animateurs d\u2019un courant de pens\u00e9e qui malheureusement pour la Tunisie n\u2019a pas \u00e9t\u00e9 \u00e9cout\u00e9 par Bourguiba dans les ann\u00e9es 70. B\u00e9ji Caid Essebsi l\u2019a pay\u00e9 cher comme le prouvent ses diff\u00e9rentes travers\u00e9es du d\u00e9sert.<\/p>\n<p>Malgr\u00e9 les secousses que nous avons connues en 65 ans d\u2019ind\u00e9pendance et m\u00eame durant la parenth\u00e8se de la dictature de Ben Ali, malgr\u00e9 les disparit\u00e9s r\u00e9gionales et les injustices faites aux plus vuln\u00e9rables, nous avons un Etat, il est loin d\u2019\u00eatre parfait mais il nous r\u00e9unit autour d\u2019une constitution, de textes de lois, d\u2019institutions comme le parlement ou l\u2019arm\u00e9e ou la justice. Les s\u00e9quences des transitions aussi bien celle 2011 que celle de 2014 que encore ce 25 juillet, le prouvent et sont une fiert\u00e9 pour tout le peuple tunisien. L\u2019annonce presque instantan\u00e9e du d\u00e9c\u00e8s du pr\u00e9sident, le pr\u00e9sident Mohamed Ennaceur qui pr\u00eate serment 3 heures apr\u00e8s pour assurer l\u2019int\u00e9rim \u00e0 la t\u00eate de l\u2019Etat, l\u2019ISIE qui annonce la date des prochaines \u00e9lections anticip\u00e9es dans l\u2019apr\u00e8s-midi, ne boudons pas notre plaisir, c\u2019est un signe de maturit\u00e9.\u00a0<\/p>\n<p>N\u2019emp\u00eache que nous vivons aujourd\u2019hui une \u00e9tape cruciale de notre histoire. Nous sommes fiers de voir nos institutions fonctionner surtout dans les moments de crise. Encore une fois BCE y est pour beaucoup. Mais ne nous leurrons pas les fondements de cet Etat sont encore fragiles, ils sont r\u00e9guli\u00e8rement attaqu\u00e9s soit par id\u00e9ologie, soit par opportunisme, soit par incomp\u00e9tence. Le d\u00e9funt pr\u00e9sident avait per\u00e7u le danger. Il nous a averti \u00e0 plusieurs reprises, sous diff\u00e9rentes formes, il n&rsquo;a pas \u00e9t\u00e9 \u00e9cout\u00e9 par ceux qui nous gouvernent. Il a essay\u00e9 \u00e0 sa fa\u00e7on de limiter les d\u00e9g\u00e2ts. Vu le rapport de force que les \u00e9lections de 2014 ont d\u00e9gag\u00e9, plus que jamais je pense que cette approche \u00e9tait risqu\u00e9e. Mais que l\u2019on soit d\u2019accord ou non avec sa strat\u00e9gie, il \u00e9tait le seul tunisien \u00e0 avoir la l\u00e9gitimit\u00e9 du suffrage universel pour diriger le navire Tunisie. Ce n\u2019est pas le cas d\u2019autres qui ont des motivations moins nobles sans avoir la l\u00e9gitimit\u00e9 des urnes.\u00a0\u00a0<\/p>\n<p><strong>Dr Mohamed Salah Ben AMMAR<\/strong><\/p>\n<p>Auteur:<br \/>\n<a href=\"https:\/\/www.leaders.com.tn\/article\/27597-beji-caid-essebsi-faire-la-part-des-choses\">Cliquez ici pour lire l&rsquo;article depuis sa source.<\/a><\/p>\n","protected":false},"excerpt":{"rendered":"<p>Par Dr Mohamed Salah Ben Ammar &#8211; Il y a un temps pour tout. Le temps du recueillement impose des r\u00e8gles non \u00e9crites mais largement partag\u00e9es. Gare \u00e0 celui ou celle qui s\u2019en \u00e9carte. Je dirai de fa\u00e7on exp\u00e9ditive nous glorifions la mort et les morts, du moins dans un premier temps, c\u2019est culturel. La [&hellip;]<\/p>\n","protected":false},"author":1772,"featured_media":0,"comment_status":"closed","ping_status":"closed","sticky":false,"template":"","format":"standard","meta":{"fifu_image_url":"","fifu_image_alt":"","footnotes":""},"categories":[73,55],"tags":[],"class_list":["post-48742","post","type-post","status-publish","format-standard","hentry","category-actualite","category-tunisie"],"_links":{"self":[{"href":"https:\/\/linitiative.ca\/International\/wp-json\/wp\/v2\/posts\/48742","targetHints":{"allow":["GET"]}}],"collection":[{"href":"https:\/\/linitiative.ca\/International\/wp-json\/wp\/v2\/posts"}],"about":[{"href":"https:\/\/linitiative.ca\/International\/wp-json\/wp\/v2\/types\/post"}],"author":[{"embeddable":true,"href":"https:\/\/linitiative.ca\/International\/wp-json\/wp\/v2\/users\/1772"}],"replies":[{"embeddable":true,"href":"https:\/\/linitiative.ca\/International\/wp-json\/wp\/v2\/comments?post=48742"}],"version-history":[{"count":0,"href":"https:\/\/linitiative.ca\/International\/wp-json\/wp\/v2\/posts\/48742\/revisions"}],"wp:attachment":[{"href":"https:\/\/linitiative.ca\/International\/wp-json\/wp\/v2\/media?parent=48742"}],"wp:term":[{"taxonomy":"category","embeddable":true,"href":"https:\/\/linitiative.ca\/International\/wp-json\/wp\/v2\/categories?post=48742"},{"taxonomy":"post_tag","embeddable":true,"href":"https:\/\/linitiative.ca\/International\/wp-json\/wp\/v2\/tags?post=48742"}],"curies":[{"name":"wp","href":"https:\/\/api.w.org\/{rel}","templated":true}]}}