{"id":48743,"date":"2019-07-26T10:50:00","date_gmt":"2019-07-26T14:50:00","guid":{"rendered":"https:\/\/linitiative.ca\/International\/le-drian-tout-au-long-de-sa-vie-caid-essebsi-aura-oeuvre-a-lapaisement-des-memoires\/"},"modified":"2019-07-26T10:50:00","modified_gmt":"2019-07-26T14:50:00","slug":"le-drian-tout-au-long-de-sa-vie-caid-essebsi-aura-oeuvre-a-lapaisement-des-memoires","status":"publish","type":"post","link":"https:\/\/linitiative.ca\/International\/le-drian-tout-au-long-de-sa-vie-caid-essebsi-aura-oeuvre-a-lapaisement-des-memoires\/","title":{"rendered":"Le Drian : Tout au long de sa vie, Ca\u00efd Essebsi aura \u0153uvr\u00e9 \u00e0 l\u2019apaisement des m\u00e9moires"},"content":{"rendered":"<p>\u00ab\u00a0Avec le Pr\u00e9sident B\u00e9ji Ca\u00efd Essebsi, la Tunisie perd un homme d\u2019\u00c9tat qui aura profond\u00e9ment marqu\u00e9 l\u2019histoire de son pays, \u00e9<em>crit le ministre fran\u00e7ais de l\u2019Europe et des affaires \u00e9trang\u00e8res Jean-Yves Le Drian<\/em>. La France,<em>ajoute-t-il<\/em>, perd un ami qui toute sa vie aura \u00e9t\u00e9 l\u2019inlassable acteur du rapprochement et de l\u2019amiti\u00e9 entre nos deux pays et nos deux peuples, d\u2019abord comme ambassadeur de Tunisie en France, de 1970 \u00e0 1972, puis \u00e0 la t\u00eate de la diplomatie tunisienne, comme Premier ministre et enfin comme Pr\u00e9sident de la R\u00e9publique.\u00a0<\/p>\n<p>Tout au long de sa vie, il aura \u0153uvr\u00e9 \u00e0 l\u2019apaisement des m\u00e9moires.\u00a0<\/p>\n<p>Enfin, B\u00e9ji Ca\u00efd Essebsi a consacr\u00e9 les derni\u00e8res ann\u00e9es de sa vie \u00e0 engager son pays dans la construction d\u2019un syst\u00e8me politique d\u00e9mocratique, respectueux des droits de l\u2019Homme, de l\u2019\u00e9galit\u00e9 entre les femmes et les hommes et des libert\u00e9s de religion et de conscience. Sa contribution \u00e0 la stabilit\u00e9 et \u00e0 l\u2019unit\u00e9 nationale de la Tunisie est inestimable.\u00a0\u00bb<\/p>\n<p>Auteur:<br \/>\n<a href=\"https:\/\/www.leaders.com.tn\/article\/27598-le-drian-tout-au-long-de-sa-vie-caid-essebsi-aura-oeuvre-a-l-apaisement-des-memoires\">Cliquez ici pour lire l&rsquo;article depuis sa source.<\/a><\/p>\n","protected":false},"excerpt":{"rendered":"<p>\u00ab\u00a0Avec le Pr\u00e9sident B\u00e9ji Ca\u00efd Essebsi, la Tunisie perd un homme d\u2019\u00c9tat qui aura profond\u00e9ment marqu\u00e9 l\u2019histoire de son pays, \u00e9crit le ministre fran\u00e7ais de l\u2019Europe et des affaires \u00e9trang\u00e8res Jean-Yves Le Drian. La France,ajoute-t-il, perd un ami qui toute sa vie aura \u00e9t\u00e9 l\u2019inlassable acteur du rapprochement et de l\u2019amiti\u00e9 entre nos deux pays [&hellip;]<\/p>\n","protected":false},"author":1772,"featured_media":0,"comment_status":"closed","ping_status":"closed","sticky":false,"template":"","format":"standard","meta":{"fifu_image_url":"","fifu_image_alt":"","footnotes":""},"categories":[73,55],"tags":[],"class_list":["post-48743","post","type-post","status-publish","format-standard","hentry","category-actualite","category-tunisie"],"_links":{"self":[{"href":"https:\/\/linitiative.ca\/International\/wp-json\/wp\/v2\/posts\/48743","targetHints":{"allow":["GET"]}}],"collection":[{"href":"https:\/\/linitiative.ca\/International\/wp-json\/wp\/v2\/posts"}],"about":[{"href":"https:\/\/linitiative.ca\/International\/wp-json\/wp\/v2\/types\/post"}],"author":[{"embeddable":true,"href":"https:\/\/linitiative.ca\/International\/wp-json\/wp\/v2\/users\/1772"}],"replies":[{"embeddable":true,"href":"https:\/\/linitiative.ca\/International\/wp-json\/wp\/v2\/comments?post=48743"}],"version-history":[{"count":0,"href":"https:\/\/linitiative.ca\/International\/wp-json\/wp\/v2\/posts\/48743\/revisions"}],"wp:attachment":[{"href":"https:\/\/linitiative.ca\/International\/wp-json\/wp\/v2\/media?parent=48743"}],"wp:term":[{"taxonomy":"category","embeddable":true,"href":"https:\/\/linitiative.ca\/International\/wp-json\/wp\/v2\/categories?post=48743"},{"taxonomy":"post_tag","embeddable":true,"href":"https:\/\/linitiative.ca\/International\/wp-json\/wp\/v2\/tags?post=48743"}],"curies":[{"name":"wp","href":"https:\/\/api.w.org\/{rel}","templated":true}]}}