{"id":48744,"date":"2019-07-26T10:16:21","date_gmt":"2019-07-26T14:16:21","guid":{"rendered":"https:\/\/linitiative.ca\/International\/ca-clash-dur-entre-boutaib-et-ses-followers\/"},"modified":"2019-07-26T10:16:21","modified_gmt":"2019-07-26T14:16:21","slug":"ca-clash-dur-entre-boutaib-et-ses-followers","status":"publish","type":"post","link":"https:\/\/linitiative.ca\/International\/ca-clash-dur-entre-boutaib-et-ses-followers\/","title":{"rendered":"\u00c7a clash dur entre Bouta\u00efb et ses Followers!"},"content":{"rendered":"<p><strong>L\u2019attaquant marocain de Zamalek, Khalid Bouta\u00efb, a exprim\u00e9 sa col\u00e8re contre la compagnie a\u00e9rienne tunisienne qui ne lui a pas remis ses bagages apr\u00e8s deux semaines d\u2019attente.<\/strong><\/p>\n<div class=\"c10\"\/>\n<p>Cependant, la r\u00e9action de l\u2019un des followers du joueur marocain a lanc\u00e9 une dr\u00f4le de pol\u00e9mique sur les r\u00e9seaux sociaux. Ce dernier a comment\u00e9 la publication de Bouta\u00efb en disant : \u00ab\u00a0J\u2019aimerais savoir o\u00f9 est la coupe d\u2019Afrique ? \u00c7a fait 43 ans qu\u2019on attend l\u00e0, hein\u00a0\u00bb<\/p>\n<p><img decoding=\"async\" src=\"https:\/\/www.challenge.ma\/wp-content\/uploads\/2019\/07\/Screenshot_2019-07-26-14-khalid-boutaib-on-Twitter-Hey-TunisairFrance-j%E2%80%99aimerais-savoir-o%C3%B9-est-mon-bagage-Sa-fait-2-semai....png\" alt=\"\" class=\"wp-image-113912\" srcset=\"https:\/\/www.challenge.ma\/wp-content\/uploads\/2019\/07\/Screenshot_2019-07-26-14-khalid-boutaib-on-Twitter-Hey-TunisairFrance-j\u2019aimerais-savoir-o\u00f9-est-mon-bagage-Sa-fait-2-semai....png 609w, https:\/\/www.challenge.ma\/wp-content\/uploads\/2019\/07\/Screenshot_2019-07-26-14-khalid-boutaib-on-Twitter-Hey-TunisairFrance-j\u2019aimerais-savoir-o\u00f9-est-mon-bagage-Sa-fait-2-semai...-300x243.png 300w, https:\/\/www.challenge.ma\/wp-content\/uploads\/2019\/07\/Screenshot_2019-07-26-14-khalid-boutaib-on-Twitter-Hey-TunisairFrance-j\u2019aimerais-savoir-o\u00f9-est-mon-bagage-Sa-fait-2-semai...-360x291.png 360w\" sizes=\"(max-width: 609px) 100vw, 609px\"\/><\/p>\n<p>Ce post montre que la d\u00e9ception est toujours pr\u00e9sente chez les Marocains, qui n\u2019ont pas encore accept\u00e9 l\u2019\u00e9chec de l\u2019\u00e9quipe nationale. L\u2019espoir de remporter le deuxi\u00e8me titre continental demeure un r\u00eave pour les supporters depuis 43 ans.<\/p>\n<div class=\"c17\">\n<fieldset class=\"c16\">\n<legend><strong><span class=\"c11\">Challenge<\/span><span class=\"c12\">news<\/span><\/strong><\/legend>\n<div class=\"c15\">Le meilleur de la r\u00e9daction s\u00e9lectionn\u00e9 par Challenge :<\/p>\n<\/div>\n<\/fieldset>\n<\/div>\n<p>Auteur: Hajar DARI<br \/>\n<a href=\"https:\/\/www.challenge.ma\/ca-clash-dur-entre-boutaib-et-ses-followers-113911\/\">Cliquez ici pour lire l&rsquo;article depuis sa source.<\/a><\/p>\n","protected":false},"excerpt":{"rendered":"<p>L\u2019attaquant marocain de Zamalek, Khalid Bouta\u00efb, a exprim\u00e9 sa col\u00e8re contre la compagnie a\u00e9rienne tunisienne qui ne lui a pas remis ses bagages apr\u00e8s deux semaines d\u2019attente. Cependant, la r\u00e9action de l\u2019un des followers du joueur marocain a lanc\u00e9 une dr\u00f4le de pol\u00e9mique sur les r\u00e9seaux sociaux. Ce dernier a comment\u00e9 la publication de Bouta\u00efb [&hellip;]<\/p>\n","protected":false},"author":1787,"featured_media":48745,"comment_status":"closed","ping_status":"closed","sticky":false,"template":"","format":"standard","meta":{"fifu_image_url":"","fifu_image_alt":"","footnotes":""},"categories":[78,54],"tags":[],"class_list":["post-48744","post","type-post","status-publish","format-standard","has-post-thumbnail","hentry","category-economie","category-maroc"],"_links":{"self":[{"href":"https:\/\/linitiative.ca\/International\/wp-json\/wp\/v2\/posts\/48744","targetHints":{"allow":["GET"]}}],"collection":[{"href":"https:\/\/linitiative.ca\/International\/wp-json\/wp\/v2\/posts"}],"about":[{"href":"https:\/\/linitiative.ca\/International\/wp-json\/wp\/v2\/types\/post"}],"author":[{"embeddable":true,"href":"https:\/\/linitiative.ca\/International\/wp-json\/wp\/v2\/users\/1787"}],"replies":[{"embeddable":true,"href":"https:\/\/linitiative.ca\/International\/wp-json\/wp\/v2\/comments?post=48744"}],"version-history":[{"count":0,"href":"https:\/\/linitiative.ca\/International\/wp-json\/wp\/v2\/posts\/48744\/revisions"}],"wp:featuredmedia":[{"embeddable":true,"href":"https:\/\/linitiative.ca\/International\/wp-json\/"}],"wp:attachment":[{"href":"https:\/\/linitiative.ca\/International\/wp-json\/wp\/v2\/media?parent=48744"}],"wp:term":[{"taxonomy":"category","embeddable":true,"href":"https:\/\/linitiative.ca\/International\/wp-json\/wp\/v2\/categories?post=48744"},{"taxonomy":"post_tag","embeddable":true,"href":"https:\/\/linitiative.ca\/International\/wp-json\/wp\/v2\/tags?post=48744"}],"curies":[{"name":"wp","href":"https:\/\/api.w.org\/{rel}","templated":true}]}}